[{"@context":"https:\/\/schema.org\/","@type":"Article","@id":"https:\/\/www.sta-fas.cz\/vase-prvni-vozidlo\/#Article","mainEntityOfPage":"https:\/\/www.sta-fas.cz\/vase-prvni-vozidlo\/","headline":"Va\u0161e prvn\u00ed vozidlo","name":"Va\u0161e prvn\u00ed vozidlo","description":"Ka\u017ed\u00fd si pamatujeme na na\u0161e prvn\u00ed auto, kter\u00e9 jsme si po\u0159\u00eddili. Pravd\u011bpodobn\u011b to bylo auto z bazaru nebo od n\u011bkoho zn\u00e1m\u00e9ho, proto\u017ee kdo by v osmn\u00e1cti, dvaceti letech m\u011bl na nov\u00e9 auto. K prvn\u00edmu autu m\u00e1m\u011b jist\u011b plno vzpom\u00ednek, ale m\u00e1lokdo si ho nech\u00e1 po cel\u00fd \u017eivot. V\u011bt\u0161inou poslou\u017e\u00ed na prvn\u00ed zku\u0161enosti po z\u00edsk\u00e1n\u00ed \u0159idi\u010dsk\u00e9ho...","datePublished":"2022-10-24","dateModified":"2023-06-05","author":{"@type":"Person","@id":"https:\/\/www.sta-fas.cz\/author\/#Person","name":"","url":"https:\/\/www.sta-fas.cz\/author\/","identifier":1,"image":{"@type":"ImageObject","@id":"https:\/\/secure.gravatar.com\/avatar\/59b0e4716b6bc16861d789b0eb3efe04cb591482277f92a016ec4356fe735210?s=96&d=mm&r=g","url":"https:\/\/secure.gravatar.com\/avatar\/59b0e4716b6bc16861d789b0eb3efe04cb591482277f92a016ec4356fe735210?s=96&d=mm&r=g","height":96,"width":96}},"publisher":{"@type":"Organization","name":"sta-fas.cz","logo":{"@type":"ImageObject","@id":"\/logo.png","url":"\/logo.png","width":600,"height":60}},"image":{"@type":"ImageObject","@id":"https:\/\/www.sta-fas.cz\/wp-content\/uploads\/family-gd388a6361_640.jpg","url":"https:\/\/www.sta-fas.cz\/wp-content\/uploads\/family-gd388a6361_640.jpg","height":0,"width":0},"url":"https:\/\/www.sta-fas.cz\/vase-prvni-vozidlo\/","about":["Zbo\u017e\u00ed"],"wordCount":428,"articleBody":"       Ka\u017ed\u00fd si pamatujeme na na\u0161e prvn\u00ed auto, kter\u00e9 jsme si po\u0159\u00eddili. Pravd\u011bpodobn\u011b to bylo auto z bazaru nebo od n\u011bkoho zn\u00e1m\u00e9ho, proto\u017ee kdo by v osmn\u00e1cti, dvaceti letech m\u011bl na nov\u00e9 auto. K prvn\u00edmu autu m\u00e1m\u011b jist\u011b plno vzpom\u00ednek, ale m\u00e1lokdo si ho nech\u00e1 po cel\u00fd \u017eivot. V\u011bt\u0161inou poslou\u017e\u00ed na prvn\u00ed zku\u0161enosti po z\u00edsk\u00e1n\u00ed \u0159idi\u010dsk\u00e9ho pr\u016fkazu a \u010dasem ho vym\u011bn\u00edme bu\u010f za nov\u00fd v\u016fz nebo op\u011bt za n\u011bjak\u00fd ojet\u00fd.Prvn\u00ed auto ale nen\u00ed prvn\u00ed dopravn\u00ed prost\u0159edek, ve kter\u00e9m se voz\u00edme. T\u00edm prvn\u00edm je p\u0159ece d\u011btsk\u00fd ko\u010d\u00e1rek a nevyb\u00edr\u00e1me si ho sami, ale vyb\u00edraj\u00ed n\u00e1m ho rodi\u010de. D\u011btsk\u00fd ko\u010d\u00e1rek slou\u017e\u00ed k tomu, abychom mohli s d\u00edt\u011btem na proch\u00e1zky, aby d\u00edt\u011b bylo na \u010derstv\u00e9m vzduchu, co\u017e je v\u011bt\u0161inou nejlep\u0161\u00ed usp\u00e1vac\u00ed prost\u0159edek a nejmen\u0161\u00ed miminka v ko\u010d\u00e1rku spokojen\u011b spinkaj\u00ed i na dlouh\u00fdch v\u00fdletech. Ve v\u011bku, kdy u\u017e d\u011bti um\u00ed trochu chodit je ko\u010d\u00e1rek jen pro chv\u00edle, kdy se d\u00edt\u011b venku unav\u00ed a abychom ho nemuseli nosit, kdy\u017e u\u017e nen\u00ed zrovna lehk\u00fd drobe\u010dek, tak vyu\u017eijeme p\u0159epravu v ko\u010d\u00e1rku. Ale i v\u011bt\u0161\u00ed d\u011bti si r\u00e1dy v ko\u010d\u00e1rku posp\u00ed. Jste-li nast\u00e1vaj\u00edc\u00ed rodi\u010de a hled\u00e1te-li ko\u010d\u00e1rek, kter\u00fd by spl\u0148oval v\u0161echny va\u0161e po\u017eadavky, ur\u010dit\u011b nep\u0159ehl\u00e9dn\u011bte ko\u010d\u00e1rek Kunert Lavado. Nab\u00edz\u00ed kvalitn\u00ed ko\u010d\u00e1rky v mnoha verz\u00edch a barevn\u00fdch kombinac\u00edch, tak\u017ee si ur\u010dit\u011b vyberete ten spr\u00e1vn\u00fd pro va\u0161e miminko.Koup\u011b ko\u010d\u00e1rku nen\u00ed o nic jednodu\u0161\u0161\u00ed ne\u017e koup\u011b prvn\u00edho auta. Nem\u00e1te zku\u0161enosti a nev\u00edte, jak \u010dasto budete s miminkem jezdit ven, jak bude cel\u00fd v\u00e1\u0161 den a \u017eivot s miminkem vypadat, v\u017edy\u0165 se rodi\u010di teprve stanete. Ale jist\u011b v\u00e1m dob\u0159e porad\u00ed va\u0161i rodi\u010de, \u010dili nast\u00e1vaj\u00edc\u00ed babi\u010dka a d\u011bde\u010dek, nebo si nechejte poradit i p\u0159\u00edmo v obchod\u011b. Dobr\u00e9 je si ko\u010d\u00e1rek vyzkou\u0161et, jestli m\u00e1 dost vysoko madla, jestli se pohodln\u011b skl\u00e1d\u00e1 do auta, jestli se z n\u011bho dob\u0159e vytahuje tzv. vaj\u00ed\u010dko, \u010dili seda\u010dka do auta apod. V podstat\u011b je jedno, bude-li ko\u010d\u00e1rek modr\u00fd nebo \u010derven\u00fd, ale mus\u00ed b\u00fdt pohodln\u00fd pro va\u0161e miminko.                                                                                                                                                                                                                                                                                                                                                                                          4.3\/5 - (6 votes)        "},{"@context":"https:\/\/schema.org\/","@type":"BreadcrumbList","itemListElement":[{"@type":"ListItem","position":1,"name":"Va\u0161e prvn\u00ed vozidlo","item":"https:\/\/www.sta-fas.cz\/vase-prvni-vozidlo\/#breadcrumbitem"}]}]