[{"@context":"https:\/\/schema.org\/","@type":"Article","@id":"https:\/\/www.sta-fas.cz\/ubytovani-v-nejkrasnejsim-meste\/#Article","mainEntityOfPage":"https:\/\/www.sta-fas.cz\/ubytovani-v-nejkrasnejsim-meste\/","headline":"Ubytov\u00e1n\u00ed v nejkr\u00e1sn\u011bj\u0161\u00edm m\u011bst\u011b","name":"Ubytov\u00e1n\u00ed v nejkr\u00e1sn\u011bj\u0161\u00edm m\u011bst\u011b","description":"Pl\u00e1nujete si ud\u011blat v\u00fdlet na v\u00edkend, abyste si odpo\u010dinuli od sv\u00e9 pr\u00e1ce? Cht\u011bli byste si prohl\u00e9dnout n\u011bjak\u00e9 kulturn\u00ed pam\u00e1tky, kter\u00e9 by V\u00e1s oslovili a trochu V\u00e1s i vzd\u011blaly? P\u0159\u00e1li byste si naj\u00edt n\u011bjak\u00e9 ubytov\u00e1n\u00ed v \u010cesk\u00e9m Krumlov\u011b? Pr\u00e1v\u011b to je toti\u017e to m\u00edsto, kter\u00e9 je p\u0159\u00edmo napln\u011bn\u00e9 kulturou a to, kter\u00e9 byste cht\u011bli poznat? Potom...","datePublished":"2024-04-01","dateModified":"2024-04-01","author":{"@type":"Person","@id":"https:\/\/www.sta-fas.cz\/author\/#Person","name":"","url":"https:\/\/www.sta-fas.cz\/author\/","identifier":1,"image":{"@type":"ImageObject","@id":"https:\/\/secure.gravatar.com\/avatar\/59b0e4716b6bc16861d789b0eb3efe04cb591482277f92a016ec4356fe735210?s=96&d=mm&r=g","url":"https:\/\/secure.gravatar.com\/avatar\/59b0e4716b6bc16861d789b0eb3efe04cb591482277f92a016ec4356fe735210?s=96&d=mm&r=g","height":96,"width":96}},"publisher":{"@type":"Organization","name":"sta-fas.cz","logo":{"@type":"ImageObject","@id":"\/logo.png","url":"\/logo.png","width":600,"height":60}},"url":"https:\/\/www.sta-fas.cz\/ubytovani-v-nejkrasnejsim-meste\/","wordCount":270,"articleBody":"Pl\u00e1nujete si ud\u011blat v\u00fdlet na v\u00edkend, abyste si odpo\u010dinuli od sv\u00e9 pr\u00e1ce? Cht\u011bli byste si prohl\u00e9dnout n\u011bjak\u00e9 kulturn\u00ed pam\u00e1tky, kter\u00e9 by V\u00e1s oslovili a trochu V\u00e1s i vzd\u011blaly? P\u0159\u00e1li byste si naj\u00edt n\u011bjak\u00e9 ubytov\u00e1n\u00ed v \u010cesk\u00e9m Krumlov\u011b? Pr\u00e1v\u011b to je toti\u017e to m\u00edsto, kter\u00e9 je p\u0159\u00edmo napln\u011bn\u00e9 kulturou a to, kter\u00e9 byste cht\u011bli poznat? Potom nev\u00e1hejte a zarezervujte si u n\u00e1s ubytov\u00e1n\u00ed, abyste si v tomto m\u011bst\u011b mohli u\u017e\u00edt sv\u016fj v\u00edkend. M\u016f\u017eete se pak t\u011b\u0161it na to, jak si prohl\u00e9dnete historick\u00e9 centrum, ve kter\u00e9m se nach\u00e1z\u00ed t\u0159i sta chr\u00e1n\u011bn\u00fdch pam\u00e1tek. Nemine V\u00e1s ani kr\u00e1sn\u011b barokn\u00ed divadlo \u010di hradn\u00ed a z\u00e1meck\u00fd komplex, kter\u00fd se \u0159ad\u00ed jako druh\u00fd nejv\u011bt\u0161\u00ed u n\u00e1s.M\u011bsto pln\u00e9 kulturn\u00edch pam\u00e1tekA jak\u00e9 dal\u0161\u00ed pam\u00e1tky zde m\u016f\u017eete spat\u0159it? Je jich skute\u010dn\u011b nespo\u010det, ale rozhodn\u011b byste nem\u011bli prop\u00e1snout expozice v muze\u00edch a galeri\u00edch \u010di ochutn\u00e1vku lahodn\u00e9ho piva. Pokud byste m\u011bli chu\u0165, na \u0159ece Vltav\u011b si m\u016f\u017eete domluvit plavbu na voru a prohl\u00e9dnout si i ve\u010dern\u00ed \u010cesk\u00fd Krumlov. A co kdy\u017e budete tou\u017eit po n\u011bjak\u00e9m zv\u00ed\u0159\u00e1tku? Pak se m\u016f\u017eete projet na koni a pod\u00edvat se na m\u011bsto z ko\u0148sk\u00e9ho h\u0159betu. Tak si za\u0159i\u010fte ubytov\u00e1n\u00ed v \u010cesk\u00e9m Krumlov\u011b a t\u011b\u0161te se.                                                                                                                                                                                                                                                                                                                                                                                        5\/5 - (9 votes)        "},{"@context":"https:\/\/schema.org\/","@type":"BreadcrumbList","itemListElement":[{"@type":"ListItem","position":1,"name":"Ubytov\u00e1n\u00ed v nejkr\u00e1sn\u011bj\u0161\u00edm m\u011bst\u011b","item":"https:\/\/www.sta-fas.cz\/ubytovani-v-nejkrasnejsim-meste\/#breadcrumbitem"}]}]