[{"@context":"https:\/\/schema.org\/","@type":"Blog","@id":"https:\/\/www.sta-fas.cz#Blog","headline":"Sta Fas","description":"\nLid\u00e9 tou\u017e\u00ed po spln\u011bn\u00ed sv\u00fdch sn\u016f. Jen\u017ee n\u011bkdy se tyto nespln\u00ed, proto\u017ee jsou zkr\u00e1tka nere\u00e1ln\u00e9. Ale s\u00a0pln\u011bn\u00edm re\u00e1ln\u00fdch sn\u016f v\u00e1m n\u00e1\u0161 web ur\u010dit\u011b pom\u016f\u017ee.","url":"https:\/\/www.sta-fas.cz","hasPart":[{"@type":"Article","@id":"https:\/\/www.sta-fas.cz\/mate-radi-cokoladove-vyrobky\/","headline":"M\u00e1te r\u00e1di \u010dokol\u00e1dov\u00e9 v\u00fdrobky?","url":"https:\/\/www.sta-fas.cz\/mate-radi-cokoladove-vyrobky\/","datePublished":"2025-03-01","dateModified":"2025-03-01","mainEntityOfPage":"https:\/\/www.sta-fas.cz\/mate-radi-cokoladove-vyrobky\/","author":{"@type":"Person","@id":"https:\/\/www.sta-fas.cz\/author\/#Person","name":"","url":"https:\/\/www.sta-fas.cz\/author\/","identifier":1,"image":{"@type":"ImageObject","@id":"https:\/\/secure.gravatar.com\/avatar\/59b0e4716b6bc16861d789b0eb3efe04cb591482277f92a016ec4356fe735210?s=96&d=mm&r=g","url":"https:\/\/secure.gravatar.com\/avatar\/59b0e4716b6bc16861d789b0eb3efe04cb591482277f92a016ec4356fe735210?s=96&d=mm&r=g","height":96,"width":96}},"publisher":{"@type":"Organization","name":"sta-fas.cz","logo":{"@type":"ImageObject","@id":"\/logo.png","url":"\/logo.png","width":600,"height":60}},"image":{"@type":"ImageObject","@id":"https:\/\/www.sta-fas.cz\/wp-content\/uploads\/img_a314000_w2512_t1524770477.jpg","url":"https:\/\/www.sta-fas.cz\/wp-content\/uploads\/img_a314000_w2512_t1524770477.jpg","height":0,"width":0},"wordCount":486,"keywords":null},{"@type":"Article","@id":"https:\/\/www.sta-fas.cz\/online-nakupovani-potravin\/","headline":"Online nakupov\u00e1n\u00ed potravin","url":"https:\/\/www.sta-fas.cz\/online-nakupovani-potravin\/","datePublished":"2025-03-01","dateModified":"2025-03-01","mainEntityOfPage":"https:\/\/www.sta-fas.cz\/online-nakupovani-potravin\/","author":{"@type":"Person","@id":"https:\/\/www.sta-fas.cz\/author\/#Person","name":"","url":"https:\/\/www.sta-fas.cz\/author\/","identifier":1,"image":{"@type":"ImageObject","@id":"https:\/\/secure.gravatar.com\/avatar\/59b0e4716b6bc16861d789b0eb3efe04cb591482277f92a016ec4356fe735210?s=96&d=mm&r=g","url":"https:\/\/secure.gravatar.com\/avatar\/59b0e4716b6bc16861d789b0eb3efe04cb591482277f92a016ec4356fe735210?s=96&d=mm&r=g","height":96,"width":96}},"publisher":{"@type":"Organization","name":"sta-fas.cz","logo":{"@type":"ImageObject","@id":"\/logo.png","url":"\/logo.png","width":600,"height":60}},"image":{"@type":"ImageObject","@id":"https:\/\/www.sta-fas.cz\/wp-content\/uploads\/img_a297783_w1901_t1508178391.jpg","url":"https:\/\/www.sta-fas.cz\/wp-content\/uploads\/img_a297783_w1901_t1508178391.jpg","height":0,"width":0},"wordCount":534,"keywords":null},{"@type":"Article","@id":"https:\/\/www.sta-fas.cz\/rychle-jednani\/","headline":"Rychl\u00e9 jedn\u00e1n\u00ed","url":"https:\/\/www.sta-fas.cz\/rychle-jednani\/","datePublished":"2025-03-01","dateModified":"2025-03-01","mainEntityOfPage":"https:\/\/www.sta-fas.cz\/rychle-jednani\/","author":{"@type":"Person","@id":"https:\/\/www.sta-fas.cz\/author\/#Person","name":"","url":"https:\/\/www.sta-fas.cz\/author\/","identifier":1,"image":{"@type":"ImageObject","@id":"https:\/\/secure.gravatar.com\/avatar\/59b0e4716b6bc16861d789b0eb3efe04cb591482277f92a016ec4356fe735210?s=96&d=mm&r=g","url":"https:\/\/secure.gravatar.com\/avatar\/59b0e4716b6bc16861d789b0eb3efe04cb591482277f92a016ec4356fe735210?s=96&d=mm&r=g","height":96,"width":96}},"publisher":{"@type":"Organization","name":"sta-fas.cz","logo":{"@type":"ImageObject","@id":"\/logo.png","url":"\/logo.png","width":600,"height":60}},"image":null,"wordCount":208,"keywords":null},{"@type":"Article","@id":"https:\/\/www.sta-fas.cz\/vymahani-pohledavek\/","headline":"Vym\u00e1h\u00e1n\u00ed pohled\u00e1vek","url":"https:\/\/www.sta-fas.cz\/vymahani-pohledavek\/","datePublished":"2025-02-20","dateModified":"2025-02-20","mainEntityOfPage":"https:\/\/www.sta-fas.cz\/vymahani-pohledavek\/","author":{"@type":"Person","@id":"https:\/\/www.sta-fas.cz\/author\/#Person","name":"","url":"https:\/\/www.sta-fas.cz\/author\/","identifier":1,"image":{"@type":"ImageObject","@id":"https:\/\/secure.gravatar.com\/avatar\/59b0e4716b6bc16861d789b0eb3efe04cb591482277f92a016ec4356fe735210?s=96&d=mm&r=g","url":"https:\/\/secure.gravatar.com\/avatar\/59b0e4716b6bc16861d789b0eb3efe04cb591482277f92a016ec4356fe735210?s=96&d=mm&r=g","height":96,"width":96}},"publisher":{"@type":"Organization","name":"sta-fas.cz","logo":{"@type":"ImageObject","@id":"\/logo.png","url":"\/logo.png","width":600,"height":60}},"image":null,"wordCount":240,"keywords":null},{"@type":"Article","@id":"https:\/\/www.sta-fas.cz\/where-can-you-listen-to-live-music-in-prague\/","headline":"Where can you listen to live music in Prague?","url":"https:\/\/www.sta-fas.cz\/where-can-you-listen-to-live-music-in-prague\/","datePublished":"2025-02-17","dateModified":"2025-02-17","mainEntityOfPage":"https:\/\/www.sta-fas.cz\/where-can-you-listen-to-live-music-in-prague\/","author":{"@type":"Person","@id":"https:\/\/www.sta-fas.cz\/author\/#Person","name":"","url":"https:\/\/www.sta-fas.cz\/author\/","identifier":1,"image":{"@type":"ImageObject","@id":"https:\/\/secure.gravatar.com\/avatar\/59b0e4716b6bc16861d789b0eb3efe04cb591482277f92a016ec4356fe735210?s=96&d=mm&r=g","url":"https:\/\/secure.gravatar.com\/avatar\/59b0e4716b6bc16861d789b0eb3efe04cb591482277f92a016ec4356fe735210?s=96&d=mm&r=g","height":96,"width":96}},"publisher":{"@type":"Organization","name":"sta-fas.cz","logo":{"@type":"ImageObject","@id":"\/logo.png","url":"\/logo.png","width":600,"height":60}},"image":{"@type":"ImageObject","@id":"https:\/\/www.sta-fas.cz\/wp-content\/uploads\/abigail-lynn-rdmJc2Os4EM-unsplash.jpg","url":"https:\/\/www.sta-fas.cz\/wp-content\/uploads\/abigail-lynn-rdmJc2Os4EM-unsplash.jpg","height":0,"width":0},"wordCount":569,"keywords":null},{"@type":"Article","@id":"https:\/\/www.sta-fas.cz\/akce-kterou-byste-nemeli-podcenovat\/","headline":"Akce, kterou byste nem\u011bli podce\u0148ovat","url":"https:\/\/www.sta-fas.cz\/akce-kterou-byste-nemeli-podcenovat\/","datePublished":"2025-02-15","dateModified":"2025-02-15","mainEntityOfPage":"https:\/\/www.sta-fas.cz\/akce-kterou-byste-nemeli-podcenovat\/","author":{"@type":"Person","@id":"https:\/\/www.sta-fas.cz\/author\/#Person","name":"","url":"https:\/\/www.sta-fas.cz\/author\/","identifier":1,"image":{"@type":"ImageObject","@id":"https:\/\/secure.gravatar.com\/avatar\/59b0e4716b6bc16861d789b0eb3efe04cb591482277f92a016ec4356fe735210?s=96&d=mm&r=g","url":"https:\/\/secure.gravatar.com\/avatar\/59b0e4716b6bc16861d789b0eb3efe04cb591482277f92a016ec4356fe735210?s=96&d=mm&r=g","height":96,"width":96}},"publisher":{"@type":"Organization","name":"sta-fas.cz","logo":{"@type":"ImageObject","@id":"\/logo.png","url":"\/logo.png","width":600,"height":60}},"image":null,"wordCount":283,"keywords":null},{"@type":"Article","@id":"https:\/\/www.sta-fas.cz\/citit-se-skvele-vam-pomuze-navsteva-u-nas\/","headline":"C\u00edtit se skv\u011ble v\u00e1m pom\u016f\u017ee n\u00e1v\u0161t\u011bva u n\u00e1s","url":"https:\/\/www.sta-fas.cz\/citit-se-skvele-vam-pomuze-navsteva-u-nas\/","datePublished":"2025-02-03","dateModified":"2025-02-03","mainEntityOfPage":"https:\/\/www.sta-fas.cz\/citit-se-skvele-vam-pomuze-navsteva-u-nas\/","author":{"@type":"Person","@id":"https:\/\/www.sta-fas.cz\/author\/#Person","name":"","url":"https:\/\/www.sta-fas.cz\/author\/","identifier":1,"image":{"@type":"ImageObject","@id":"https:\/\/secure.gravatar.com\/avatar\/59b0e4716b6bc16861d789b0eb3efe04cb591482277f92a016ec4356fe735210?s=96&d=mm&r=g","url":"https:\/\/secure.gravatar.com\/avatar\/59b0e4716b6bc16861d789b0eb3efe04cb591482277f92a016ec4356fe735210?s=96&d=mm&r=g","height":96,"width":96}},"publisher":{"@type":"Organization","name":"sta-fas.cz","logo":{"@type":"ImageObject","@id":"\/logo.png","url":"\/logo.png","width":600,"height":60}},"image":null,"wordCount":240,"keywords":null},{"@type":"Article","@id":"https:\/\/www.sta-fas.cz\/okna-s-tradici-vynikajicimi-vlastnostmi-a-designem\/","headline":"Okna s\u00a0tradic\u00ed, vynikaj\u00edc\u00edmi vlastnostmi a designem","url":"https:\/\/www.sta-fas.cz\/okna-s-tradici-vynikajicimi-vlastnostmi-a-designem\/","datePublished":"2025-01-27","dateModified":"2025-01-27","mainEntityOfPage":"https:\/\/www.sta-fas.cz\/okna-s-tradici-vynikajicimi-vlastnostmi-a-designem\/","author":{"@type":"Person","@id":"https:\/\/www.sta-fas.cz\/author\/#Person","name":"","url":"https:\/\/www.sta-fas.cz\/author\/","identifier":1,"image":{"@type":"ImageObject","@id":"https:\/\/secure.gravatar.com\/avatar\/59b0e4716b6bc16861d789b0eb3efe04cb591482277f92a016ec4356fe735210?s=96&d=mm&r=g","url":"https:\/\/secure.gravatar.com\/avatar\/59b0e4716b6bc16861d789b0eb3efe04cb591482277f92a016ec4356fe735210?s=96&d=mm&r=g","height":96,"width":96}},"publisher":{"@type":"Organization","name":"sta-fas.cz","logo":{"@type":"ImageObject","@id":"\/logo.png","url":"\/logo.png","width":600,"height":60}},"image":null,"wordCount":197,"keywords":null},{"@type":"Article","@id":"https:\/\/www.sta-fas.cz\/live-music-as-medicine-for-our-souls\/","headline":"Live music as medicine for our souls","url":"https:\/\/www.sta-fas.cz\/live-music-as-medicine-for-our-souls\/","datePublished":"2025-01-21","dateModified":"2025-01-21","mainEntityOfPage":"https:\/\/www.sta-fas.cz\/live-music-as-medicine-for-our-souls\/","author":{"@type":"Person","@id":"https:\/\/www.sta-fas.cz\/author\/#Person","name":"","url":"https:\/\/www.sta-fas.cz\/author\/","identifier":1,"image":{"@type":"ImageObject","@id":"https:\/\/secure.gravatar.com\/avatar\/59b0e4716b6bc16861d789b0eb3efe04cb591482277f92a016ec4356fe735210?s=96&d=mm&r=g","url":"https:\/\/secure.gravatar.com\/avatar\/59b0e4716b6bc16861d789b0eb3efe04cb591482277f92a016ec4356fe735210?s=96&d=mm&r=g","height":96,"width":96}},"publisher":{"@type":"Organization","name":"sta-fas.cz","logo":{"@type":"ImageObject","@id":"\/logo.png","url":"\/logo.png","width":600,"height":60}},"image":{"@type":"ImageObject","@id":"https:\/\/www.sta-fas.cz\/wp-content\/uploads\/julio-rionaldo-xIoze9dH4WI-unsplash.jpg","url":"https:\/\/www.sta-fas.cz\/wp-content\/uploads\/julio-rionaldo-xIoze9dH4WI-unsplash.jpg","height":0,"width":0},"wordCount":544,"keywords":null},{"@type":"Article","@id":"https:\/\/www.sta-fas.cz\/krasne-a-celovecerni-milovani\/","headline":"Kr\u00e1sn\u00e9 a celove\u010dern\u00ed milov\u00e1n\u00ed","url":"https:\/\/www.sta-fas.cz\/krasne-a-celovecerni-milovani\/","datePublished":"2025-01-20","dateModified":"2025-01-20","mainEntityOfPage":"https:\/\/www.sta-fas.cz\/krasne-a-celovecerni-milovani\/","author":{"@type":"Person","@id":"https:\/\/www.sta-fas.cz\/author\/#Person","name":"","url":"https:\/\/www.sta-fas.cz\/author\/","identifier":1,"image":{"@type":"ImageObject","@id":"https:\/\/secure.gravatar.com\/avatar\/59b0e4716b6bc16861d789b0eb3efe04cb591482277f92a016ec4356fe735210?s=96&d=mm&r=g","url":"https:\/\/secure.gravatar.com\/avatar\/59b0e4716b6bc16861d789b0eb3efe04cb591482277f92a016ec4356fe735210?s=96&d=mm&r=g","height":96,"width":96}},"publisher":{"@type":"Organization","name":"sta-fas.cz","logo":{"@type":"ImageObject","@id":"\/logo.png","url":"\/logo.png","width":600,"height":60}},"image":null,"wordCount":260,"keywords":null}]},{"@context":"https:\/\/schema.org","@type":"WebSite","@id":"https:\/\/www.sta-fas.cz\/#website","name":"Sta Fas","url":"https:\/\/www.sta-fas.cz","potentialAction":{"@type":"SearchAction","target":"https:\/\/www.sta-fas.cz\/?s={search_term_string}","query-input":"required name=search_term_string"}}]