[{"@context":"https:\/\/schema.org\/","@type":"Article","@id":"https:\/\/www.sta-fas.cz\/obchod-se-zbranemi\/#Article","mainEntityOfPage":"https:\/\/www.sta-fas.cz\/obchod-se-zbranemi\/","headline":"Obchod se zbran\u011bmi","name":"Obchod se zbran\u011bmi","description":"Jako by bylo v\u0161ech zbran\u00ed a ne\u0159\u00e1dstva m\u00e1lo, vyr\u00e1b\u011bj\u00ed se tyto samoz\u0159ejm\u011b i u n\u00e1s. A tak\u00e9 je s \u00fasp\u011bchem exportujeme. V\u011b\u0159te nebo ne, ona existuje komise, kter\u00e1 v\u00fdvoz tohoto zbo\u017e\u00ed kontroluje, a pr\u00e1v\u011b ona vydala n\u00e1sleduj\u00edc\u00ed informace. Za lo\u0148sk\u00fd rok (m\u00edn\u011bn rok dva tis\u00edce sedmn\u00e1ct), se od n\u00e1s vyvezlo zbran\u00ed jen za v\u00edce ne\u017e...","datePublished":"2025-11-29","dateModified":"2025-11-29","author":{"@type":"Person","@id":"https:\/\/www.sta-fas.cz\/author\/#Person","name":"","url":"https:\/\/www.sta-fas.cz\/author\/","identifier":1,"image":{"@type":"ImageObject","@id":"https:\/\/secure.gravatar.com\/avatar\/59b0e4716b6bc16861d789b0eb3efe04cb591482277f92a016ec4356fe735210?s=96&d=mm&r=g","url":"https:\/\/secure.gravatar.com\/avatar\/59b0e4716b6bc16861d789b0eb3efe04cb591482277f92a016ec4356fe735210?s=96&d=mm&r=g","height":96,"width":96}},"publisher":{"@type":"Organization","name":"sta-fas.cz","logo":{"@type":"ImageObject","@id":"\/logo.png","url":"\/logo.png","width":600,"height":60}},"image":{"@type":"ImageObject","@id":"https:\/\/www.sta-fas.cz\/wp-content\/uploads\/img_a320650_w2571_t1531946649.png","url":"https:\/\/www.sta-fas.cz\/wp-content\/uploads\/img_a320650_w2571_t1531946649.png","height":0,"width":0},"url":"https:\/\/www.sta-fas.cz\/obchod-se-zbranemi\/","wordCount":425,"articleBody":"Jako by bylo v\u0161ech zbran\u00ed a ne\u0159\u00e1dstva m\u00e1lo, vyr\u00e1b\u011bj\u00ed se tyto samoz\u0159ejm\u011b i u n\u00e1s. A tak\u00e9 je s \u00fasp\u011bchem exportujeme. V\u011b\u0159te nebo ne, ona existuje komise, kter\u00e1 v\u00fdvoz tohoto zbo\u017e\u00ed kontroluje, a pr\u00e1v\u011b ona vydala n\u00e1sleduj\u00edc\u00ed informace.\tZa lo\u0148sk\u00fd rok (m\u00edn\u011bn rok dva tis\u00edce sedmn\u00e1ct), se od n\u00e1s vyvezlo zbran\u00ed jen za v\u00edce ne\u017e patn\u00e1ct miliard korun! To je p\u0159\u00edmo d\u011bsiv\u00e9 \u010d\u00edslo, ale zase je o t\u0159i miliardy men\u0161\u00ed ne\u017e za rok dva tis\u00edce \u0161estn\u00e1ct.\t\tPokud se chcete t\u00e1zat, kdo proboha vyr\u00e1b\u00ed tolik zbran\u00ed, odpov\u011b\u010f bude pouze v \u010d\u00edslech. V na\u0161\u00ed mali\u010dk\u00e9 zemi\u010dce je p\u0159es dv\u011b st\u011b \u0161edes\u00e1t firem, kter\u00e9 maj\u00ed opr\u00e1vn\u011bn\u00ed vyv\u00e1\u017eet zbran\u011b, respektive a p\u0159esn\u011bji, obchodovat s nimi v zahrani\u010d\u00ed. Proto\u017ee nen\u00ed v mo\u017enostech \u010dl\u00e1nku vyjmenovat firmy jmenovit\u011b, ne\u010din\u00edm tak.\tObchoduje se se sto \u0161esti zem\u011bmi v cel\u00e9m sv\u011bt\u011b a podr\u017ete se, nejv\u011bt\u0161\u00ed obchod n\u00e1m kvete se Spojen\u00fdmi st\u00e1ty. Mimochodem, zbran\u011b m\u016f\u017eeme rozd\u011blit na vojensk\u00e9 a civiln\u00ed, ale mysl\u00edm si, \u017ee to nen\u00ed a\u017e tak d\u016fle\u017eit\u00e9 pro n\u00e1mi pou\u017e\u00edvan\u00e1 \u010d\u00edsla. Zbra\u0148 je prost\u011b zbran\u00ed a je \u00fapln\u011b jedno, zda ji pou\u017eije voj\u00e1k nebo civilista. My se zde bav\u00edm o jejich po\u010dtu.\u00a0\u00a0 \tMimochodem dod\u00e1v\u00e1me i na Slovensko . Tam se dodaly zbran\u011b v hodnot\u011b dev\u011bt set jedna miliard korun. Co\u017e hodn\u011b p\u0159ekon\u00e1v\u00e1 nap\u0159\u00edklad za Ir\u00e1k (ano i tam jdou na\u0161e zbran\u011b), kter\u00fd obdr\u017eel zbo\u017e\u00ed za v\u00edce ne\u017e jeden a p\u016fl miliardy.\t\tZ\u00e1v\u011brem \u010dl\u00e1ne\u010dku bych cht\u011bl podotknout a up\u0159esnit. Mnou uveden\u00e1 \u010d\u00edsla jsem si skute\u010dn\u011b nevycucal z prstu. Ale i p\u0159esto nemus\u00ed b\u00fdt naprosto p\u0159esn\u00e1, proto\u017ee jeden zdroj je ji\u017e v\u00fd\u0161e uv\u00e1d\u011bn\u00e1 komise, a druh\u00fdm zdrojem je pak ministerstvo pr\u016fmyslu a obchodu. Nav\u00edc se t\u00e1\u017ei, zda \u201eoni\u201c uv\u00e1d\u011bj\u00ed \u010d\u00edsla, kter\u00e1 jsou p\u0159esn\u00e1 anebo zda je trochu neupravuj\u00ed. A kter\u00fdm sm\u011brem. Domn\u00edv\u00e1m se, \u017ee pravdy se jen tak oby\u010dejn\u00fd ob\u010dan stejn\u011b nikdy nedobere.\tO etice tohoto obchodu si jist\u011b ka\u017ed\u00fd ud\u011bl\u00e1te p\u0159edstavu s\u00e1m. Ale, jek prav\u00ed klasik, pen\u00edze jsou pro n\u011bkoho a\u017e na prvn\u00edm m\u00edst\u011b, \u017ee?\u00a0                                                                                                                                                                                                                                                                                                                                                                                         4\/5 - (8 votes)        "},{"@context":"https:\/\/schema.org\/","@type":"BreadcrumbList","itemListElement":[{"@type":"ListItem","position":1,"name":"Obchod se zbran\u011bmi","item":"https:\/\/www.sta-fas.cz\/obchod-se-zbranemi\/#breadcrumbitem"}]}]