[{"@context":"https:\/\/schema.org\/","@type":"Article","@id":"https:\/\/www.sta-fas.cz\/na-co-se-zamerit-pri-nakupu-autozarovky\/#Article","mainEntityOfPage":"https:\/\/www.sta-fas.cz\/na-co-se-zamerit-pri-nakupu-autozarovky\/","headline":"Na co se zam\u011b\u0159it p\u0159i n\u00e1kupu auto\u017e\u00e1rovky","name":"Na co se zam\u011b\u0159it p\u0159i n\u00e1kupu auto\u017e\u00e1rovky","description":"Patice Ta slou\u017e\u00ed k upev\u0148ov\u00e1n\u00ed \u017e\u00e1rovek a z\u00e1rove\u0148 k propojen\u00ed elektrick\u00e9ho kontaktu. Vyr\u00e1b\u00ed se patice \u0161roubovac\u00ed nebo n\u00e1str\u010dn\u00e9 ve form\u011b kol\u00ed\u010dk\u016f, p\u0159\u00edpadn\u011b bajonetu. Podstatn\u00e9 je v\u0161ak v\u011bd\u011bt, \u017ee se nejedn\u00e1 o kompatibiln\u00ed koncovky, a \u017ee ka\u017ed\u00e1 \u017e\u00e1rovka m\u00e1 sv\u016fj vlastn\u00ed specifick\u00fd typ konektoru. P\u0159\u00edkon Ten je u osobn\u00edch i n\u00e1kladn\u00edch automobil\u016f jednotn\u00fd. Pro \u017e\u00e1rovky H7...","datePublished":"2018-06-22","dateModified":"2023-06-05","author":{"@type":"Person","@id":"https:\/\/www.sta-fas.cz\/author\/#Person","name":"","url":"https:\/\/www.sta-fas.cz\/author\/","identifier":1,"image":{"@type":"ImageObject","@id":"https:\/\/secure.gravatar.com\/avatar\/59b0e4716b6bc16861d789b0eb3efe04cb591482277f92a016ec4356fe735210?s=96&d=mm&r=g","url":"https:\/\/secure.gravatar.com\/avatar\/59b0e4716b6bc16861d789b0eb3efe04cb591482277f92a016ec4356fe735210?s=96&d=mm&r=g","height":96,"width":96}},"publisher":{"@type":"Organization","name":"sta-fas.cz","logo":{"@type":"ImageObject","@id":"\/logo.png","url":"\/logo.png","width":600,"height":60}},"image":{"@type":"ImageObject","@id":"https:\/\/www.sta-fas.cz\/wp-content\/uploads\/img_a319659_w2115_t1530688696.jpg","url":"https:\/\/www.sta-fas.cz\/wp-content\/uploads\/img_a319659_w2115_t1530688696.jpg","height":0,"width":0},"url":"https:\/\/www.sta-fas.cz\/na-co-se-zamerit-pri-nakupu-autozarovky\/","wordCount":383,"articleBody":" Patice Ta slou\u017e\u00ed k upev\u0148ov\u00e1n\u00ed \u017e\u00e1rovek a z\u00e1rove\u0148 k propojen\u00ed elektrick\u00e9ho kontaktu. Vyr\u00e1b\u00ed se patice \u0161roubovac\u00ed nebo n\u00e1str\u010dn\u00e9 ve form\u011b kol\u00ed\u010dk\u016f, p\u0159\u00edpadn\u011b bajonetu. Podstatn\u00e9 je v\u0161ak v\u011bd\u011bt, \u017ee se nejedn\u00e1 o kompatibiln\u00ed koncovky, a \u017ee ka\u017ed\u00e1 \u017e\u00e1rovka  m\u00e1 sv\u016fj vlastn\u00ed specifick\u00fd typ konektoru. P\u0159\u00edkon Ten je u osobn\u00edch i n\u00e1kladn\u00edch automobil\u016f jednotn\u00fd. Pro \u017e\u00e1rovky H7 plat\u00ed p\u0159\u00edkon 55 W, pro typy H4 je to 60 W. \u017d\u00e1dn\u00e9 jin\u00e9 p\u0159\u00edkony nejsou p\u0159\u00edpustn\u00e9. Nap\u011bt\u00ed U osobn\u00edch automobil\u016f se nap\u011bt\u00ed odeb\u00edr\u00e1 z nap\u00e1jec\u00edho zdroje 12 V, n\u00e1kladn\u00ed auta maj\u00ed dv\u011b baterie zapojen\u00e9 paraleln\u011b, kde se nap\u011bt\u00ed s\u010d\u00edt\u00e1 na 24 V. Tomu tak\u00e9 mus\u00ed odpov\u00eddat konstrukce \u017e\u00e1rovek a v\u00fdbojek. Sv\u011bteln\u00fd tok Je ur\u010duj\u00edc\u00edm parametrem osvitu auto\u017e\u00e1rovek a mus\u00ed zauj\u00edmat hodnotu p\u0159ibli\u017en\u011b 1500 lumen. P\u0159\u00edli\u0161 vysok\u00fd sv\u011bteln\u00fd tok osl\u0148uje protijedouc\u00ed \u0159idi\u010de a naopak v\u00fdrazn\u011b ni\u017e\u0161\u00ed nedostate\u010dn\u011b osv\u011btluje silnici a tak\u00e9 pravou krajnici, kde se pohybuj\u00ed chodci a cyklist\u00e9. Na trhu jsou k dispozici i tzv. off-road modely s extr\u00e9mn\u011b vysok\u00fdm sv\u011bteln\u00fdm tokem, ty jsou v\u0161ak ur\u010deny v\u00fdhradn\u011b pro automobilov\u00e9 rallye. Teplota chromati\u010dnosti Ide\u00e1ln\u00ed barva sv\u011bteln\u00e9ho spektra pro osv\u011btlov\u00e1n\u00ed silnice je neutr\u00e1ln\u00ed b\u00edl\u00e1 a\u017e studen\u00e1 b\u00edl\u00e1, v hodnot\u00e1ch od 4500 do 6500 Kelvin\u016f. Pro \u0159idi\u010de je v\u017edy p\u0159\u00edjemn\u011bj\u0161\u00ed chladn\u011bj\u0161\u00ed odst\u00edn barev, kter\u00fd nerozptyluje pozornost a naopak byst\u0159\u00ed smysly a nezp\u016fsobuje \u00fanavu. Krajn\u011b nevhodn\u00e9 jsou tepl\u00e9 t\u00f3ny b\u00edl\u00e9ho sv\u011btla kolem 2000 K, \u0159idi\u010di se p\u0159i takov\u00e9m osv\u011btlen\u00ed c\u00edt\u00ed ospal\u00ed, zvy\u0161uje to mno\u017estv\u00ed melatoninu v krvi a zp\u016fsobuje us\u00edn\u00e1n\u00ed za volantem. Povinn\u00e1 v\u00fdbava Do paradoxn\u00edch situac\u00ed se dost\u00e1vaj\u00ed \u0159idi\u010di motorov\u00fdch vozidel, kte\u0159\u00ed mus\u00ed m\u00edt ze z\u00e1kona jako povinnou sou\u010d\u00e1st v\u00fdbavy sadu n\u00e1hradn\u00edch \u017e\u00e1rovek, p\u0159itom je jejich sv\u011btlomet konstruov\u00e1n tak, \u017ee \u017e\u00e1rovku dok\u00e1\u017ee vym\u011bnit pouze autorizovan\u00fd servis. T\u00fdk\u00e1 se to t\u00e9m\u011b\u0159 60 procent ve\u0161ker\u00fdch nov\u011b vyroben\u00fdch voz\u016f s datem v\u00fdroby po roce 2015.                                                                                                                                                                                                                                                                                                                                                                                        4.2\/5 - (9 votes)        "},{"@context":"https:\/\/schema.org\/","@type":"BreadcrumbList","itemListElement":[{"@type":"ListItem","position":1,"name":"Na co se zam\u011b\u0159it p\u0159i n\u00e1kupu auto\u017e\u00e1rovky","item":"https:\/\/www.sta-fas.cz\/na-co-se-zamerit-pri-nakupu-autozarovky\/#breadcrumbitem"}]}]