[{"@context":"https:\/\/schema.org\/","@type":"Article","@id":"https:\/\/www.sta-fas.cz\/matka-v-roli-podnikatelky\/#Article","mainEntityOfPage":"https:\/\/www.sta-fas.cz\/matka-v-roli-podnikatelky\/","headline":"Matka v roli podnikatelky","name":"Matka v roli podnikatelky","description":"Rodi\u010dovsk\u00e1 dovolen\u00e1 je p\u0159\u00edle\u017eitost, kdy m\u016f\u017eeme za\u010d\u00edt podnikat. Odpadaj\u00ed n\u00e1m starosti s\u00a0placen\u00edm z\u00e1loh za zdravotn\u00ed a soci\u00e1ln\u00ed poji\u0161t\u011bn\u00ed co\u017e je v\u00a0za\u010d\u00e1tku podnik\u00e1n\u00ed celkem p\u011bkn\u00e1 finan\u010dn\u00ed \u00faspora. Naj\u00edt voln\u00fd \u010das P\u00e9\u010de o d\u00edt\u011b je n\u00e1ro\u010dn\u00e1 ale kr\u00e1sn\u00e1 z\u00e1le\u017eitost bylo by proto \u0161koda se o ni ochudit t\u00edm \u017ee p\u0159es den zanedb\u00e1v\u00e1me p\u00e9\u010di o d\u00edt\u011b a m\u00edsto...","datePublished":"2025-11-28","dateModified":"2025-11-28","author":{"@type":"Person","@id":"https:\/\/www.sta-fas.cz\/author\/#Person","name":"","url":"https:\/\/www.sta-fas.cz\/author\/","identifier":1,"image":{"@type":"ImageObject","@id":"https:\/\/secure.gravatar.com\/avatar\/59b0e4716b6bc16861d789b0eb3efe04cb591482277f92a016ec4356fe735210?s=96&d=mm&r=g","url":"https:\/\/secure.gravatar.com\/avatar\/59b0e4716b6bc16861d789b0eb3efe04cb591482277f92a016ec4356fe735210?s=96&d=mm&r=g","height":96,"width":96}},"publisher":{"@type":"Organization","name":"sta-fas.cz","logo":{"@type":"ImageObject","@id":"\/logo.png","url":"\/logo.png","width":600,"height":60}},"image":{"@type":"ImageObject","@id":"https:\/\/www.sta-fas.cz\/wp-content\/uploads\/img_a296437_w2018_t1507489290.jpg","url":"https:\/\/www.sta-fas.cz\/wp-content\/uploads\/img_a296437_w2018_t1507489290.jpg","height":0,"width":0},"url":"https:\/\/www.sta-fas.cz\/matka-v-roli-podnikatelky\/","wordCount":438,"articleBody":"Rodi\u010dovsk\u00e1 dovolen\u00e1 je p\u0159\u00edle\u017eitost, kdy m\u016f\u017eeme za\u010d\u00edt podnikat. Odpadaj\u00ed n\u00e1m starosti s\u00a0placen\u00edm z\u00e1loh za zdravotn\u00ed a soci\u00e1ln\u00ed poji\u0161t\u011bn\u00ed co\u017e je v\u00a0za\u010d\u00e1tku podnik\u00e1n\u00ed celkem p\u011bkn\u00e1 finan\u010dn\u00ed \u00faspora.Naj\u00edt voln\u00fd \u010dasP\u00e9\u010de o d\u00edt\u011b je n\u00e1ro\u010dn\u00e1 ale kr\u00e1sn\u00e1 z\u00e1le\u017eitost bylo by proto \u0161koda se o ni ochudit t\u00edm \u017ee p\u0159es den zanedb\u00e1v\u00e1me p\u00e9\u010di o d\u00edt\u011b a m\u00edsto proch\u00e1zky venku se v\u011bnujeme sv\u00e9mu podnik\u00e1n\u00ed a d\u00edt\u011bti rad\u011bji pust\u00edme televizi. Voln\u00fd \u010das si m\u016f\u017eeme nal\u00e9zt ve\u010der kdy d\u00edt\u011b sp\u00ed. D\u00e1me p\u0159ednost realizaci sv\u00e9ho n\u00e1padu nam\u00edsto sledov\u00e1n\u00ed televize. Nebo pokud ve\u010der opravdu pad\u00e1me \u00fanavou, m\u016f\u017eeme vst\u00e1t rad\u011bji r\u00e1no o p\u016fl hodiny d\u0159\u00edve.Mo\u017enost\u00ed, \u010demu se bude v\u011bnovat je mnoho. N\u011bkoho l\u00e1k\u00e1 \u0161it\u00ed oble\u010den\u00ed jin\u00e1 \u017eena je \u0161ikovn\u00e1 na v\u00fdrobu \u0161perk\u016f a n\u011bkter\u00e1 je expert na informa\u010dn\u00ed technologie. Kdy\u017e dob\u0159e promysl\u00edme sv\u00e9 schopnosti jist\u011b ka\u017ed\u00e1 \u017eena naleznete p\u0159edm\u011bt sv\u00e9ho podnik\u00e1n\u00ed.Skloubit p\u00e9\u010di o d\u00edt\u011b se d\u00e1 a mnoho \u017een je toho d\u016fkazem kdy b\u011bhem rodi\u010dovsk\u00e9 dovolen\u00e9 nastartovaly svoji kari\u00e9ru.Nemus\u00edm, ale chci!D\u016fslednost je vlastnost, kterou je nutno p\u011bstovat. Po\u0161ramocen\u00e1 pov\u011bst se \u0161patn\u011b napravuje. Kdy\u017e m\u00e1m k\u00a0n\u011bjak\u00e9mu klientovi z\u00e1vazek je nutn\u00e9 ho dost\u00e1t. Naslibovat v\u011bci a potom nesplnit, proto\u017ee se mi nechce je nezodpov\u011bdn\u00e9. Je to n\u00e1ro\u010dn\u00e9, kdy p\u0159ich\u00e1z\u00ed \u00fanava anebo bychom se rad\u011bji v\u011bnovaly sob\u011b po hektick\u00e9m dnu kdy jsme maximum \u010dasu v\u011bnovaly va\u0159en\u00ed, ukl\u00edzen\u00ed a hl\u00edd\u00e1n\u00ed d\u00edt\u011b. Podnik\u00e1n\u00ed by n\u00e1s m\u011blo bavit a napl\u0148ovat, pokud tomu tak nen\u00ed s\u00a0nejv\u011bt\u0161\u00ed pravd\u011bpodobnost\u00ed no bude v\u00edc ne\u017e obt\u00ed\u017en\u00e9 naj\u00edt si na n\u011bj \u010das.Po kousk\u00e1ch se d\u00e1 v\u017edy n\u011bco d\u011blat, a i p\u016fl hodina denn\u011b sta\u010d\u00ed k\u00a0tomu abychom n\u011bco zvl\u00e1dly ud\u011blat. Kdy\u017e se pak pozd\u011bji ohl\u00e9dneme uvid\u00edme za sebou kus pr\u00e1ce. I maminka m\u00e1 n\u00e1rok na to, aby m\u011bla n\u011bjak\u00fd \u010das sama pro sebe a pokud ho spoj\u00ed s\u00a0mo\u017enost\u00ed, jak n\u011bco p\u0159ilep\u0161it rodinn\u00e9mu rozpo\u010dtu je to ide\u00e1ln\u00ed a chv\u00e1lyhodn\u00fd n\u00e1pad.                                                                                                                                                                                                                                                                                                                                                                                        4\/5 - (1 vote)        "},{"@context":"https:\/\/schema.org\/","@type":"BreadcrumbList","itemListElement":[{"@type":"ListItem","position":1,"name":"Matka v roli podnikatelky","item":"https:\/\/www.sta-fas.cz\/matka-v-roli-podnikatelky\/#breadcrumbitem"}]}]