[{"@context":"https:\/\/schema.org\/","@type":"Article","@id":"https:\/\/www.sta-fas.cz\/klicenka-na-krk-nenapadny-pomocnik\/#Article","mainEntityOfPage":"https:\/\/www.sta-fas.cz\/klicenka-na-krk-nenapadny-pomocnik\/","headline":"Kl\u00ed\u010denka na krk \u2013 nen\u00e1padn\u00fd pomocn\u00edk","name":"Kl\u00ed\u010denka na krk \u2013 nen\u00e1padn\u00fd pomocn\u00edk","description":"Kdy\u017e n\u011bkomu darujete \u0161\u0148\u016frku na krk pro zav\u011b\u0161en\u00ed kl\u00ed\u010d\u016f, m\u016f\u017ee to zap\u016fsobit jako trapn\u00fd d\u00e1rek za p\u00e1r korun, ale i takov\u00e1to drobnost dok\u00e1\u017ee pot\u011b\u0161it a p\u0159in\u00e9st lidem ur\u010ditou pomoc. Jako p\u0159\u00edklad bychom mohli vybrat n\u011bkolik modelov\u00fdch situac\u00ed. Kl\u00ed\u010de v kapse \u2013 nosit kl\u00ed\u010de po kaps\u00e1ch je samoz\u0159ejm\u011b b\u011b\u017en\u00e9, ale jsou jist\u00e9 okam\u017eiky, kdy se v\u00e1m...","datePublished":"2025-03-15","dateModified":"2025-03-15","author":{"@type":"Person","@id":"https:\/\/www.sta-fas.cz\/author\/#Person","name":"","url":"https:\/\/www.sta-fas.cz\/author\/","identifier":1,"image":{"@type":"ImageObject","@id":"https:\/\/secure.gravatar.com\/avatar\/59b0e4716b6bc16861d789b0eb3efe04cb591482277f92a016ec4356fe735210?s=96&d=mm&r=g","url":"https:\/\/secure.gravatar.com\/avatar\/59b0e4716b6bc16861d789b0eb3efe04cb591482277f92a016ec4356fe735210?s=96&d=mm&r=g","height":96,"width":96}},"publisher":{"@type":"Organization","name":"sta-fas.cz","logo":{"@type":"ImageObject","@id":"\/logo.png","url":"\/logo.png","width":600,"height":60}},"image":{"@type":"ImageObject","@id":"https:\/\/www.sta-fas.cz\/wp-content\/uploads\/the-keys-1966556_640_4.jpg","url":"https:\/\/www.sta-fas.cz\/wp-content\/uploads\/the-keys-1966556_640_4.jpg","height":0,"width":0},"url":"https:\/\/www.sta-fas.cz\/klicenka-na-krk-nenapadny-pomocnik\/","about":["Auto"],"wordCount":439,"articleBody":"   Kdy\u017e n\u011bkomu darujete \u0161\u0148\u016frku na krk pro zav\u011b\u0161en\u00ed kl\u00ed\u010d\u016f, m\u016f\u017ee to zap\u016fsobit jako trapn\u00fd d\u00e1rek za p\u00e1r korun, ale i takov\u00e1to drobnost dok\u00e1\u017ee pot\u011b\u0161it a p\u0159in\u00e9st lidem ur\u010ditou pomoc. Jako p\u0159\u00edklad bychom mohli vybrat n\u011bkolik modelov\u00fdch situac\u00ed.Kl\u00ed\u010de v kapse \u2013 nosit kl\u00ed\u010de po kaps\u00e1ch je samoz\u0159ejm\u011b b\u011b\u017en\u00e9, ale jsou jist\u00e9 okam\u017eiky, kdy se v\u00e1m tu \u0161\u0148\u016frka m\u016f\u017ee hodit. Jestli\u017ee v\u00e1s nap\u0159\u00edklad kl\u00ed\u010de v kapse t\u00ed\u017e\u00ed a stahuj\u00ed tepl\u00e1ky upnut\u00e9 v pase pouze na gumu, kl\u00ed\u010de na krku v\u00e1s tohoto probl\u00e9mu rychle zbav\u00ed. Anebo pokud p\u0159en\u00e1\u0161\u00edte n\u011bjak\u00e1 t\u011b\u017ek\u00e1 b\u0159emena a nem\u00e1te na kalhot\u00e1ch \u017e\u00e1dnou kapsu a kl\u00ed\u010de mus\u00edte p\u0159i tom m\u00edt v ruce. Se \u0161\u0148\u016frkou na krku jsou va\u0161e kl\u00ed\u010de v bezpe\u010d\u00ed, v\u00edte o nich, neztrat\u00ed se v\u00e1m, net\u00ed\u017e\u00ed v\u00e1s tak jako po kaps\u00e1ch a nemus\u00edte je nikam odkl\u00e1dat, abyste si uvolnili ob\u011b ruce.Kl\u00ed\u010de pro d\u011bti \u2013 kdy\u017e d\u00e1te poprv\u00e9 sv\u00fdm d\u011btem kl\u00ed\u010d od domu na ocelov\u00fd krou\u017eek, d\u011bti si kl\u00ed\u010d str\u010d\u00ed do kapsy a vzhledem k jeho mal\u00e9 velikosti a hmotnosti se z kapsy m\u016f\u017ee snadno vytratit. Sta\u010d\u00ed ud\u011blat p\u00e1r kotoul\u016f v tr\u00e1v\u011b a kl\u00ed\u010d zmiz\u00ed z dohledu. Kdy\u017e ale d\u011btem zav\u011bs\u00edte kl\u00ed\u010d na \u0161\u0148\u016frku na krk, polo\u017e\u00edte ji na tri\u010dko a zakryjete mikinou, kl\u00ed\u010d tu bude na \u0161\u0148\u016frce v bezpe\u010d\u00ed. D\u011bti o n\u011bm budou m\u00edt pov\u011bdom\u00ed a je m\u00e1lo pravd\u011bpodobn\u00e9, \u017ee se odtud n\u011bkam ztrat\u00ed. Barva \u0161\u0148\u016frek \u2013 je-li kl\u00ed\u010denka na krk https:\/\/www.promodarky.cz\/kategorie\/reklamni-predmety\/klicenky\/klicenky-na-krk\/ barevn\u00e1, m\u016f\u017ee se st\u00e1t kr\u00e1snou ozdobou ko\u0161ile \u010di halenky. Zav\u011b\u0161en\u00e1 \u0161\u0148\u016frka na krku p\u016fsob\u00ed podobn\u011b jako kravata a dob\u0159e pak kontrastuje se sv\u00fdm pozad\u00edm, nap\u0159\u00edklad na b\u00edl\u00e9 ko\u0161ili kr\u00e1sn\u011b vynikne \u0161\u0148\u016frka r\u016f\u017eov\u00e9, modr\u00e9 a zelen\u00e9 barvy. V\u00fdrazn\u00e1 barva \u0161\u0148\u016frek tak\u00e9 napom\u00e1h\u00e1 k tomu, naj\u00edt kl\u00ed\u010de \u010di jin\u00e9 p\u0159edm\u011bty na nich zav\u011b\u0161en\u00e9, jestli\u017ee je hled\u00e1te v m\u00edstnosti. K\u0159iklav\u00e9 barvy \u0161\u0148\u016frek si pov\u0161imnete z dlouh\u00e9 vzd\u00e1lenosti, tak\u017ee pak m\u016f\u017eete polo\u017eit kl\u00ed\u010de na psac\u00ed st\u016fl, na komodu, na botn\u00edk, na kuchy\u0148skou pracovn\u00ed desku nebo nechat kl\u00ed\u010de viset v z\u00e1mku a poka\u017ed\u00e9 je v\u00e1\u0161 zrak pravd\u011bpodobn\u011b nep\u0159ehl\u00e9dne.                                                                                                                                                                                                                                                                                                                                                                                           4.7\/5 - (4 votes)        "},{"@context":"https:\/\/schema.org\/","@type":"BreadcrumbList","itemListElement":[{"@type":"ListItem","position":1,"name":"Kl\u00ed\u010denka na krk \u2013 nen\u00e1padn\u00fd pomocn\u00edk","item":"https:\/\/www.sta-fas.cz\/klicenka-na-krk-nenapadny-pomocnik\/#breadcrumbitem"}]}]