[{"@context":"https:\/\/schema.org\/","@type":"Article","@id":"https:\/\/www.sta-fas.cz\/jsme-stastni\/#Article","mainEntityOfPage":"https:\/\/www.sta-fas.cz\/jsme-stastni\/","headline":"Jsme \u0161\u0165astn\u00ed","name":"Jsme \u0161\u0165astn\u00ed","description":"\u010ce\u0161i pat\u0159\u00ed mezi chronick\u00e9 st\u011b\u017eovatele. Maj\u00ed st\u00e1le m\u00e1lo pen\u011bz, nejsou spokojeni v\u00a0pr\u00e1ci a mezilidsk\u00e9 vztahy tak\u00e9 nejsou \u00fapln\u011b to nejlep\u0161\u00ed. Kdy\u017e se zept\u00e1te na\u0161ince, jak se m\u00e1, jako by tu ot\u00e1zku o\u010dek\u00e1val a u\u017e spust\u00ed, \u017ee samoz\u0159ejm\u011b b\u00edda a d\u011bs b\u011bs. Slovo vd\u011b\u010dnost se do na\u0161eho slovn\u00edku z\u0159ejm\u011b dostalo jak\u00fdmsi nedopat\u0159en\u00edm. Jsme prost\u011b ubrlan\u00ed a...","datePublished":"2019-05-19","dateModified":"2023-06-05","author":{"@type":"Person","@id":"https:\/\/www.sta-fas.cz\/author\/#Person","name":"","url":"https:\/\/www.sta-fas.cz\/author\/","identifier":1,"image":{"@type":"ImageObject","@id":"https:\/\/secure.gravatar.com\/avatar\/59b0e4716b6bc16861d789b0eb3efe04cb591482277f92a016ec4356fe735210?s=96&d=mm&r=g","url":"https:\/\/secure.gravatar.com\/avatar\/59b0e4716b6bc16861d789b0eb3efe04cb591482277f92a016ec4356fe735210?s=96&d=mm&r=g","height":96,"width":96}},"publisher":{"@type":"Organization","name":"sta-fas.cz","logo":{"@type":"ImageObject","@id":"\/logo.png","url":"\/logo.png","width":600,"height":60}},"image":{"@type":"ImageObject","@id":"https:\/\/www.sta-fas.cz\/wp-content\/uploads\/img_a345861_w1923_t1559310981.jpg","url":"https:\/\/www.sta-fas.cz\/wp-content\/uploads\/img_a345861_w1923_t1559310981.jpg","height":0,"width":0},"url":"https:\/\/www.sta-fas.cz\/jsme-stastni\/","wordCount":408,"articleBody":"\u010ce\u0161i pat\u0159\u00ed mezi chronick\u00e9 st\u011b\u017eovatele. Maj\u00ed st\u00e1le m\u00e1lo pen\u011bz, nejsou spokojeni v\u00a0pr\u00e1ci a mezilidsk\u00e9 vztahy tak\u00e9 nejsou \u00fapln\u011b to nejlep\u0161\u00ed. Kdy\u017e se zept\u00e1te na\u0161ince, jak se m\u00e1, jako by tu ot\u00e1zku o\u010dek\u00e1val a u\u017e spust\u00ed, \u017ee samoz\u0159ejm\u011b b\u00edda a d\u011bs b\u011bs. Slovo vd\u011b\u010dnost se do na\u0161eho slovn\u00edku z\u0159ejm\u011b dostalo jak\u00fdmsi nedopat\u0159en\u00edm. Jsme prost\u011b ubrlan\u00ed a remcan\u00ed a\u017e hr\u016fza. Ale podle v\u00fdzkumu zase tak moc ne\u0161\u0165astn\u00ed nejsme. Co v\u00edc! My jsme snad dokonce \u0161\u0165astni. A to dokonce v\u00fdrazn\u011b. Jsme dokonce nej\u0161\u0165astn\u011bj\u0161\u00ed n\u00e1rod b\u00fdval\u00e9ho v\u00fdchodn\u00edho bloku! Tak pro\u010d si po\u0159\u00e1d st\u011b\u017eujeme?\tKa\u017ed\u00fd rok se vytv\u00e1\u0159ej\u00ed r\u016fzn\u00e9 \u017eeb\u0159\u00ed\u010dky. Nej\u010dast\u011bji je to HDP. Vysp\u011blost st\u00e1tu je m\u011b\u0159ena podle hrub\u00e9ho dom\u00e1c\u00edho produktu. Pak existuje tak\u00e9 HDI, kter\u00e9 m\u011b\u0159\u00ed index lidsk\u00e9ho rozvoje. To pr\u00fd je mnohem v\u00edce validn\u00ed, proto\u017ee ukazuje v\u00fdvoj spole\u010dnosti. A pak existuje je\u0161t\u011b takzvan\u00fd n\u00e1rodn\u00ed index \u0161t\u011bst\u00ed.\tN\u00e1rodn\u00ed index \u0161t\u011bst\u00ed \u201evynalezli\u201c v\u00a0Bh\u00fat\u00e1nu v\u00a0roce 1978. Mezi hlavn\u00ed krit\u00e9ria pat\u0159\u00ed d\u00e9lka \u017eivota, \u0161t\u011bdrost spoluob\u010dan\u016f, zam\u011bstnanost, dostupnost zdravotn\u00ed p\u00e9\u010de, svoboda v rozhodov\u00e1n\u00ed nebo bezpe\u010dnost.\t\tNebudete tomu v\u011b\u0159it, ale \u010cesk\u00e1 republika si v\u016fbec nevede \u0161patn\u011b. Nap\u0159\u00edklad v\u00a0roce 2013 jsme byli na ne zcela \u0161patn\u00e9m 39. m\u00edst\u011b. V\u00a0roce 2016 jsme byli ji\u017e na 27 m\u00edst\u011b a p\u0159edb\u011bhli jsme dokonce Francii, It\u00e1lii a Japonsko. Loni jsme byli dokonce na 21. m\u00edst\u011b a letos jsme na p\u0159ekr\u00e1sn\u00e9m 20. m\u00edst\u011b. Z\u00a0toho jasn\u011b vypl\u00fdv\u00e1, \u017ee jsme rok od roku \u0161\u0165astn\u011bj\u0161\u00ed. Samoz\u0159ejm\u011b \u0159\u00edkejte to n\u011bkomu, kdo pro\u017e\u00edv\u00e1 krut\u00e9 obdob\u00ed sv\u00e9ho \u017eivota, ale ka\u017edop\u00e1dn\u011b nem\u011bli by si ti nejv\u011bt\u0161\u00ed st\u011b\u017eovatel\u00e9 \u010das od \u010dasu polo\u017eit ot\u00e1zku, zda se m\u00e1me opravdu tak zle?\tPro zaj\u00edmavost mezi nej\u0161\u0165astn\u011bj\u0161\u00ed n\u00e1rody pat\u0159\u00ed seversk\u00e9 n\u00e1rody. Na prvn\u00edm m\u00edst\u011b se letos um\u00edstil Island, na druh\u00e9m D\u00e1nsko. Seversk\u00e9 n\u00e1rody dlouhodob\u011b pat\u0159\u00ed mezi ty n\u011bj\u0161\u0165astn\u011bj\u0161\u00ed. Pokud chceme b\u00fdt je\u0161t\u011b \u0161\u0165astn\u011bj\u0161\u00ed, mo\u017en\u00e1 nen\u00ed na \u0161kodu se u t\u011bchto n\u00e1rod\u016f a jejich \u017eivotn\u00edho stylu inspirovat.                                                                                                                                                                                                                                                                                                                                                                                        4.4\/5 - (12 votes)        "},{"@context":"https:\/\/schema.org\/","@type":"BreadcrumbList","itemListElement":[{"@type":"ListItem","position":1,"name":"Jsme \u0161\u0165astn\u00ed","item":"https:\/\/www.sta-fas.cz\/jsme-stastni\/#breadcrumbitem"}]}]