[{"@context":"https:\/\/schema.org\/","@type":"Article","@id":"https:\/\/www.sta-fas.cz\/forma-diky-ktere-budou-vase-dorty-vypadat-skvostne\/#Article","mainEntityOfPage":"https:\/\/www.sta-fas.cz\/forma-diky-ktere-budou-vase-dorty-vypadat-skvostne\/","headline":"Forma, d\u00edky kter\u00e9 budou Va\u0161e dorty vypadat skvostn\u011b","name":"Forma, d\u00edky kter\u00e9 budou Va\u0161e dorty vypadat skvostn\u011b","description":"Pekl n\u011bkdy za \u017eivot snad ka\u017ed\u00fd. Pro n\u011bkoho je to obrovsk\u00e1 z\u00e1liba, kter\u00e9 v\u011bnuje velk\u00e9 mno\u017estv\u00ed \u010dasu, n\u011bkdo to d\u011bl\u00e1 pro radost, pro jin\u00e9ho je to zase pr\u00e1ce. D\u00e1le jsou tu jedinci, kte\u0159\u00ed se pe\u010den\u00ed vyh\u00fdbaj\u00ed, jak jen m\u016f\u017eou. Je jen na V\u00e1s, abyste se rozhodli, do kter\u00e9 skupiny lid\u00ed pat\u0159\u00edte. A\u0165 u\u017e pat\u0159\u00edte do...","datePublished":"2023-10-18","dateModified":"2023-10-18","author":{"@type":"Person","@id":"https:\/\/www.sta-fas.cz\/author\/#Person","name":"","url":"https:\/\/www.sta-fas.cz\/author\/","identifier":1,"image":{"@type":"ImageObject","@id":"https:\/\/secure.gravatar.com\/avatar\/59b0e4716b6bc16861d789b0eb3efe04cb591482277f92a016ec4356fe735210?s=96&d=mm&r=g","url":"https:\/\/secure.gravatar.com\/avatar\/59b0e4716b6bc16861d789b0eb3efe04cb591482277f92a016ec4356fe735210?s=96&d=mm&r=g","height":96,"width":96}},"publisher":{"@type":"Organization","name":"sta-fas.cz","logo":{"@type":"ImageObject","@id":"\/logo.png","url":"\/logo.png","width":600,"height":60}},"url":"https:\/\/www.sta-fas.cz\/forma-diky-ktere-budou-vase-dorty-vypadat-skvostne\/","wordCount":232,"articleBody":"Pekl n\u011bkdy za \u017eivot snad ka\u017ed\u00fd. Pro n\u011bkoho je to obrovsk\u00e1 z\u00e1liba, kter\u00e9 v\u011bnuje velk\u00e9 mno\u017estv\u00ed \u010dasu, n\u011bkdo to d\u011bl\u00e1 pro radost, pro jin\u00e9ho je to zase pr\u00e1ce. D\u00e1le jsou tu jedinci, kte\u0159\u00ed se pe\u010den\u00ed vyh\u00fdbaj\u00ed, jak jen m\u016f\u017eou. Je jen na V\u00e1s, abyste se rozhodli, do kter\u00e9 skupiny lid\u00ed pat\u0159\u00edte. A\u0165 u\u017e pat\u0159\u00edte do kter\u00e9koliv, jist\u011b m\u00e1te doma aspo\u0148 ty nejz\u00e1kladn\u011bj\u0161\u00ed pom\u016fcky na pe\u010den\u00ed, jako jsou t\u0159eba plechy nebo m\u00edsy na t\u011bsto. Dal\u0161\u00ed takovou z\u00e1kladn\u00ed pom\u016fckou je tak\u00e9 forma na dort, kter\u00e1 jist\u011b nalezne vyu\u017eit\u00ed v\u00a0ka\u017ed\u00e9 dom\u00e1cnosti, kdy\u017e zrovna n\u011bjak\u00fd jej\u00ed \u010dlen slav\u00ed narozeniny nebo sv\u00e1tek.Po\u0159i\u010fte si n\u011bco do kuchyn\u011bPokud V\u00e1m tento kousek v\u00a0kuchyni chyb\u00ed, tak byste to m\u011bli ur\u010dit\u011b velmi rychle napravit. Sta\u010d\u00ed n\u00e1s nav\u0161t\u00edvit a vybrat si takov\u00e9 pom\u016fcky, kter\u00e9 se V\u00e1m budou hodit do Va\u0161\u00ed kuchyn\u011b. Mo\u017enost\u00ed je opravdu spousta a je jen na V\u00e1s, co si vyberete. Nab\u00edz\u00edme opravdu kvalitn\u00ed jak suroviny, tak i pom\u016fcky. Tak\u017ee pokud sh\u00e1n\u00edte nap\u0159\u00edklad marcip\u00e1novou hmotu nebo n\u011bjak\u00e9 to \u010dokol\u00e1dov\u00e9 zdoben\u00ed, u n\u00e1s si zajist\u00e9 tyto suroviny tak\u00e9 vyberete.                                                                                                                                                                                                                                                                                                                                                                                        4.5\/5 - (12 votes)        "},{"@context":"https:\/\/schema.org\/","@type":"BreadcrumbList","itemListElement":[{"@type":"ListItem","position":1,"name":"Forma, d\u00edky kter\u00e9 budou Va\u0161e dorty vypadat skvostn\u011b","item":"https:\/\/www.sta-fas.cz\/forma-diky-ktere-budou-vase-dorty-vypadat-skvostne\/#breadcrumbitem"}]}]