[{"@context":"https:\/\/schema.org\/","@type":"Article","@id":"https:\/\/www.sta-fas.cz\/co-najdou-letos-deti-pod-stromeckem-uz-vite-cim-letos-sve-ratolesti-obdarujete\/#Article","mainEntityOfPage":"https:\/\/www.sta-fas.cz\/co-najdou-letos-deti-pod-stromeckem-uz-vite-cim-letos-sve-ratolesti-obdarujete\/","headline":"Co najdou letos d\u011bti pod strome\u010dkem? U\u017e v\u00edte, \u010d\u00edm letos sv\u00e9 ratolesti obdarujete?","name":"Co najdou letos d\u011bti pod strome\u010dkem? U\u017e v\u00edte, \u010d\u00edm letos sv\u00e9 ratolesti obdarujete?","description":"D\u011bti samy jist\u011b maj\u00ed cel\u00fd dlouh\u00fd a obs\u00e1hl\u00fd seznam toho, co by pod strome\u010dkem cht\u011bli letos naj\u00edt, ale opravdu tohle v\u0161echno pot\u0159ebuj\u00ed? To je ot\u00e1zka asi ka\u017ed\u00e9ho rodi\u010de. Men\u0161\u00edm d\u011btem chceme v\u011bt\u0161inou splnit jejich touhy a sny a tak se sna\u017e\u00edme j\u00edt p\u0159esn\u011b podle dopisu od Je\u017e\u00ed\u0161ka, v\u017edy\u0165 p\u0159ece nezlobily a tak se nem\u016f\u017ee st\u00e1t,...","datePublished":"2019-11-08","dateModified":"2023-06-05","author":{"@type":"Person","@id":"https:\/\/www.sta-fas.cz\/author\/#Person","name":"","url":"https:\/\/www.sta-fas.cz\/author\/","identifier":1,"image":{"@type":"ImageObject","@id":"https:\/\/secure.gravatar.com\/avatar\/59b0e4716b6bc16861d789b0eb3efe04cb591482277f92a016ec4356fe735210?s=96&d=mm&r=g","url":"https:\/\/secure.gravatar.com\/avatar\/59b0e4716b6bc16861d789b0eb3efe04cb591482277f92a016ec4356fe735210?s=96&d=mm&r=g","height":96,"width":96}},"publisher":{"@type":"Organization","name":"sta-fas.cz","logo":{"@type":"ImageObject","@id":"\/logo.png","url":"\/logo.png","width":600,"height":60}},"image":{"@type":"ImageObject","@id":"https:\/\/www.sta-fas.cz\/wp-content\/uploads\/img_a361248_w3871_t1574591178.jpg","url":"https:\/\/www.sta-fas.cz\/wp-content\/uploads\/img_a361248_w3871_t1574591178.jpg","height":0,"width":0},"url":"https:\/\/www.sta-fas.cz\/co-najdou-letos-deti-pod-stromeckem-uz-vite-cim-letos-sve-ratolesti-obdarujete\/","about":["Zbo\u017e\u00ed"],"wordCount":478,"articleBody":"D\u011bti samy jist\u011b maj\u00ed cel\u00fd dlouh\u00fd a obs\u00e1hl\u00fd seznam toho, co by pod strome\u010dkem cht\u011bli letos naj\u00edt, ale opravdu tohle v\u0161echno pot\u0159ebuj\u00ed? To je ot\u00e1zka asi ka\u017ed\u00e9ho rodi\u010de. Men\u0161\u00edm d\u011btem chceme v\u011bt\u0161inou splnit jejich touhy a sny a tak se sna\u017e\u00edme j\u00edt p\u0159esn\u011b podle dopisu od Je\u017e\u00ed\u0161ka, v\u017edy\u0165 p\u0159ece nezlobily a tak se nem\u016f\u017ee st\u00e1t, \u017ee by n\u011bco ze sv\u00e9ho seznamu pod v\u00e1no\u010dn\u00edm strome\u010dkem nerozbalily. Jen\u017ee kdy\u017e d\u00edtko u\u017e za\u017eije n\u011bkolik\u00e1t\u00e9 V\u00e1noce a vy se rozhl\u00e9dnete po pokoji, uv\u011bdom\u00edte si, \u017ee ka\u017edou z&nbsp;t\u011bch drah\u00fdch v\u011bc\u00ed z&nbsp;v\u00e1no\u010dn\u00edch seznam\u016f, u\u017e\u00edvali snad t\u00fdden nebo dva a jakmile odpadla ta neuv\u011b\u0159iteln\u00e1 radost a euforie, v\u0161echno skon\u010dilo zahraban\u00e9 pod postel\u00ed nebo n\u011bkde na dn\u011b krabice spole\u010dn\u011b s&nbsp;dal\u0161\u00edmi kr\u00e1my. Tohle je snad v\u0161ude stejn\u00e9, co tedy ale d\u011btem d\u00e1vat?\tBez d\u00e1rk\u016f je nechat p\u0159ece nem\u016f\u017eemeAno, to by asi nebyly \u017e\u00e1dn\u00e9 V\u00e1noce a ani od v\u00e1s jako od Je\u017e\u00ed\u0161ka by to nebylo moc f\u00e9r. D\u011bti d\u00e1re\u010dky dostat musej\u00ed a co by to m\u011blo b\u00fdt? Nejl\u00e9pe n\u011bco u\u017eite\u010dn\u00e9ho a k&nbsp;tomu z\u00e1bavn\u00e9ho. Takov\u00fd d\u00e1rek dva v&nbsp;jednom naj\u00edt ale nemus\u00ed b\u00fdt jen tak. Zkuste se rozhl\u00e9dnout po pokoji podruh\u00e9 a uv\u011bdomte si, \u010demu va\u0161e d\u00edt\u011b v\u011bnuje nejv\u011bt\u0161\u00ed pozornost, je n\u011bco s&nbsp;\u010d\u00edm si hraje opravdu po\u0159\u00e1d? T\u0159eba autodr\u00e1ha nebo d\u011btsk\u00fd dome\u010dek pro panenky? A m\u00e1te to. Dopl\u0148te d\u00edt\u011b sb\u00edrku aut\u00ed\u010dek nebo po\u0159i\u010fte do dome\u010dku novu v\u00fdbavu. Skv\u011bl\u00fdm d\u00e1rkem jsou i barevn\u00e9 a ilustrovan\u00e9 knihy, kter\u00e9 tak n\u011bjak u\u017e k&nbsp;V\u00e1noc\u016fm stejn\u011b pat\u0159\u00ed.Ur\u010dit\u011b d\u011btem ned\u00e1vejte oble\u010den\u00ed, mal\u00fd \u010dlov\u00ed\u010dek nem\u016f\u017ee nikdy ocenit m\u011bkk\u00e9 d\u00e1rky, tepl\u00e9 pono\u017eky a \u010depici mu p\u0159ece stejn\u011b koupit mus\u00edte. Chybu ani neud\u011bl\u00e1te se stavebnic\u00ed. Ty nav\u00edc d\u011btem i k&nbsp;n\u011b\u010demu jsou. Vyhn\u011bte se n\u00e1kupu stopades\u00e1t\u00e9ho ply\u0161ov\u00e9ho medv\u00eddka a v\u011bcem, kter\u00e9 d\u00edt\u011b ocen\u00ed jen na chv\u00edli. A co takhle l\u00edstek na loutkov\u00e9 divadlo nebo t\u0159eba na poh\u00e1dku b\u011bhem v\u00e1no\u010dn\u00edch sv\u00e1tk\u016f? T\u00edm darujete n\u011bco i sob\u011b, str\u00e1v\u00edte se sv\u00fdmi d\u011btmi i kr\u00e1snou chvilku mimo dom\u00e1c\u00ed v\u00e1no\u010dn\u00ed \u0161\u00edlenstv\u00ed. U\u017eijte si to.                                                                                                                                                                                                                                                                                                                                                                                        4\/5 - (12 votes)        "},{"@context":"https:\/\/schema.org\/","@type":"BreadcrumbList","itemListElement":[{"@type":"ListItem","position":1,"name":"Co najdou letos d\u011bti pod strome\u010dkem? U\u017e v\u00edte, \u010d\u00edm letos sv\u00e9 ratolesti obdarujete?","item":"https:\/\/www.sta-fas.cz\/co-najdou-letos-deti-pod-stromeckem-uz-vite-cim-letos-sve-ratolesti-obdarujete\/#breadcrumbitem"}]}]