[{"@context":"https:\/\/schema.org\/","@type":"Article","@id":"https:\/\/www.sta-fas.cz\/citit-se-skvele-vam-pomuze-navsteva-u-nas\/#Article","mainEntityOfPage":"https:\/\/www.sta-fas.cz\/citit-se-skvele-vam-pomuze-navsteva-u-nas\/","headline":"C\u00edtit se skv\u011ble v\u00e1m pom\u016f\u017ee n\u00e1v\u0161t\u011bva u n\u00e1s","name":"C\u00edtit se skv\u011ble v\u00e1m pom\u016f\u017ee n\u00e1v\u0161t\u011bva u n\u00e1s","description":"Pe\u010dujme o sv\u00e9 t\u011blo Mas\u00e1\u017ee l\u00e1vov\u00fdmi kameny jsou velice popul\u00e1rn\u00ed. Procedura se prov\u00e1d\u00ed pomoc\u00ed obl\u00fdch l\u00e1vov\u00fdch kamen\u016f, kter\u00e9 se ve vod\u011b zah\u0159ej\u00ed na 37 a\u017e 40\u00b0C. jde o velmi p\u0159\u00edjemnou proceduru. Doch\u00e1z\u00ed k energetick\u00fdm vibrac\u00edm a k akumulaci tepla. Dop\u0159ejte p\u00e9\u010di nejen sv\u00e9 du\u0161i, ale i vn\u011bj\u0161\u00ed sko\u0159\u00e1pce Mas\u00e1\u017ee l\u00e1vov\u00fdmi kameny dod\u00e1vaj\u00ed p\u0159\u00edjemn\u00e9 pocity a...","datePublished":"2025-02-03","dateModified":"2025-02-03","author":{"@type":"Person","@id":"https:\/\/www.sta-fas.cz\/author\/#Person","name":"","url":"https:\/\/www.sta-fas.cz\/author\/","identifier":1,"image":{"@type":"ImageObject","@id":"https:\/\/secure.gravatar.com\/avatar\/59b0e4716b6bc16861d789b0eb3efe04cb591482277f92a016ec4356fe735210?s=96&d=mm&r=g","url":"https:\/\/secure.gravatar.com\/avatar\/59b0e4716b6bc16861d789b0eb3efe04cb591482277f92a016ec4356fe735210?s=96&d=mm&r=g","height":96,"width":96}},"publisher":{"@type":"Organization","name":"sta-fas.cz","logo":{"@type":"ImageObject","@id":"\/logo.png","url":"\/logo.png","width":600,"height":60}},"url":"https:\/\/www.sta-fas.cz\/citit-se-skvele-vam-pomuze-navsteva-u-nas\/","wordCount":186,"articleBody":"Pe\u010dujme o sv\u00e9 t\u011bloMas\u00e1\u017ee l\u00e1vov\u00fdmi kameny jsou velice popul\u00e1rn\u00ed. Procedura se prov\u00e1d\u00ed pomoc\u00ed obl\u00fdch l\u00e1vov\u00fdch kamen\u016f, kter\u00e9 se ve vod\u011b zah\u0159ej\u00ed na 37 a\u017e 40\u00b0C. jde o velmi p\u0159\u00edjemnou proceduru. Doch\u00e1z\u00ed k energetick\u00fdm vibrac\u00edm a k akumulaci tepla.Dop\u0159ejte p\u00e9\u010di nejen sv\u00e9 du\u0161i, ale i vn\u011bj\u0161\u00ed sko\u0159\u00e1pceMas\u00e1\u017ee l\u00e1vov\u00fdmi kameny dod\u00e1vaj\u00ed p\u0159\u00edjemn\u00e9 pocity a dobrou n\u00e1ladu. Ovliv\u0148ov\u00e1ny jsou energetick\u00e9 dr\u00e1hy od prst\u016f a\u017e k vnit\u0159n\u00edm org\u00e1n\u016fm. Doch\u00e1z\u00ed ke zm\u00edrn\u011bn\u00ed k\u0159e\u010d\u00ed, bolest\u00ed kloub\u016f, sval\u016f, ke zmen\u0161en\u00ed nap\u011bt\u00ed a stresu. Podporov\u00e1na je rovn\u011b\u017e detoxikace.Mas\u00e1\u017e l\u00e1vov\u00fdmi kamenyPro mas\u00e1\u017ee l\u00e1vov\u00fdmi kameny jsou \u010dasto vyu\u017e\u00edv\u00e1ny i kombinace s vonn\u00fdmi oleji. \u00da\u010dinky jdou \u010dasto poc\u00edtit n\u011bkolik dn\u00ed po aplikaci. \u010casto se zlep\u0161\u00ed i probl\u00e9my se sp\u00e1nkem. Nedoporu\u010duj\u00ed se p\u0159i t\u011bhotenstv\u00ed, ko\u017en\u00edch chorob\u00e1ch a p\u0159i p\u0159ecitliv\u011blosti na teplo.                                                                                                                                                                                                                                                                                                                                                                                        5\/5 - (3 votes)        "},{"@context":"https:\/\/schema.org\/","@type":"BreadcrumbList","itemListElement":[{"@type":"ListItem","position":1,"name":"C\u00edtit se skv\u011ble v\u00e1m pom\u016f\u017ee n\u00e1v\u0161t\u011bva u n\u00e1s","item":"https:\/\/www.sta-fas.cz\/citit-se-skvele-vam-pomuze-navsteva-u-nas\/#breadcrumbitem"}]}]