[{"@context":"https:\/\/schema.org\/","@type":"Blog","@id":"https:\/\/www.sta-fas.cz#Blog","headline":"Sta Fas","description":"\nLid\u00e9 tou\u017e\u00ed po spln\u011bn\u00ed sv\u00fdch sn\u016f. Jen\u017ee n\u011bkdy se tyto nespln\u00ed, proto\u017ee jsou zkr\u00e1tka nere\u00e1ln\u00e9. Ale s\u00a0pln\u011bn\u00edm re\u00e1ln\u00fdch sn\u016f v\u00e1m n\u00e1\u0161 web ur\u010dit\u011b pom\u016f\u017ee.","url":"https:\/\/www.sta-fas.cz","hasPart":[{"@type":"Article","@id":"https:\/\/www.sta-fas.cz\/nevsedni-svatba-v-zamecke-zahrade\/","headline":"Nev\u0161edn\u00ed svatba v z\u00e1meck\u00e9 zahrad\u011b","url":"https:\/\/www.sta-fas.cz\/nevsedni-svatba-v-zamecke-zahrade\/","datePublished":"2026-07-19","dateModified":"2026-07-19","mainEntityOfPage":"https:\/\/www.sta-fas.cz\/nevsedni-svatba-v-zamecke-zahrade\/","author":{"@type":"Person","@id":"https:\/\/www.sta-fas.cz\/author\/#Person","name":"","url":"https:\/\/www.sta-fas.cz\/author\/","identifier":1,"image":{"@type":"ImageObject","@id":"https:\/\/secure.gravatar.com\/avatar\/59b0e4716b6bc16861d789b0eb3efe04cb591482277f92a016ec4356fe735210?s=96&d=mm&r=g","url":"https:\/\/secure.gravatar.com\/avatar\/59b0e4716b6bc16861d789b0eb3efe04cb591482277f92a016ec4356fe735210?s=96&d=mm&r=g","height":96,"width":96}},"publisher":{"@type":"Organization","name":"sta-fas.cz","logo":{"@type":"ImageObject","@id":"\/logo.png","url":"\/logo.png","width":600,"height":60}},"image":{"@type":"ImageObject","@id":"https:\/\/www.sta-fas.cz\/wp-content\/uploads\/pexels-wendywei-2683148.jpg","url":"https:\/\/www.sta-fas.cz\/wp-content\/uploads\/pexels-wendywei-2683148.jpg","height":0,"width":0},"wordCount":639,"keywords":null},{"@type":"Article","@id":"https:\/\/www.sta-fas.cz\/proc-mame-tak-radi-vodu-v-bazenu\/","headline":"Pro\u010d m\u00e1me tak r\u00e1di vodu v baz\u00e9nu","url":"https:\/\/www.sta-fas.cz\/proc-mame-tak-radi-vodu-v-bazenu\/","datePublished":"2026-07-16","dateModified":"2026-07-16","mainEntityOfPage":"https:\/\/www.sta-fas.cz\/proc-mame-tak-radi-vodu-v-bazenu\/","author":{"@type":"Person","@id":"https:\/\/www.sta-fas.cz\/author\/#Person","name":"","url":"https:\/\/www.sta-fas.cz\/author\/","identifier":1,"image":{"@type":"ImageObject","@id":"https:\/\/secure.gravatar.com\/avatar\/59b0e4716b6bc16861d789b0eb3efe04cb591482277f92a016ec4356fe735210?s=96&d=mm&r=g","url":"https:\/\/secure.gravatar.com\/avatar\/59b0e4716b6bc16861d789b0eb3efe04cb591482277f92a016ec4356fe735210?s=96&d=mm&r=g","height":96,"width":96}},"publisher":{"@type":"Organization","name":"sta-fas.cz","logo":{"@type":"ImageObject","@id":"\/logo.png","url":"\/logo.png","width":600,"height":60}},"image":{"@type":"ImageObject","@id":"https:\/\/www.sta-fas.cz\/wp-content\/uploads\/pexels-helen1-15000744_1.jpg","url":"https:\/\/www.sta-fas.cz\/wp-content\/uploads\/pexels-helen1-15000744_1.jpg","height":0,"width":0},"wordCount":702,"keywords":null},{"@type":"Article","@id":"https:\/\/www.sta-fas.cz\/prakticke-reseni-pro-snadne-pripojeni-prislusenstvi\/","headline":"Praktick\u00e9 \u0159e\u0161en\u00ed pro snadn\u00e9 p\u0159ipojen\u00ed p\u0159\u00edslu\u0161enstv\u00ed","url":"https:\/\/www.sta-fas.cz\/prakticke-reseni-pro-snadne-pripojeni-prislusenstvi\/","datePublished":"2026-06-17","dateModified":"2026-06-17","mainEntityOfPage":"https:\/\/www.sta-fas.cz\/prakticke-reseni-pro-snadne-pripojeni-prislusenstvi\/","author":{"@type":"Person","@id":"https:\/\/www.sta-fas.cz\/author\/#Person","name":"","url":"https:\/\/www.sta-fas.cz\/author\/","identifier":1,"image":{"@type":"ImageObject","@id":"https:\/\/secure.gravatar.com\/avatar\/59b0e4716b6bc16861d789b0eb3efe04cb591482277f92a016ec4356fe735210?s=96&d=mm&r=g","url":"https:\/\/secure.gravatar.com\/avatar\/59b0e4716b6bc16861d789b0eb3efe04cb591482277f92a016ec4356fe735210?s=96&d=mm&r=g","height":96,"width":96}},"publisher":{"@type":"Organization","name":"sta-fas.cz","logo":{"@type":"ImageObject","@id":"\/logo.png","url":"\/logo.png","width":600,"height":60}},"image":{"@type":"ImageObject","@id":"https:\/\/www.sta-fas.cz\/wp-content\/uploads\/openclipart-vectors-usb-plug-146206_1920.png","url":"https:\/\/www.sta-fas.cz\/wp-content\/uploads\/openclipart-vectors-usb-plug-146206_1920.png","height":0,"width":0},"wordCount":700,"keywords":null},{"@type":"Article","@id":"https:\/\/www.sta-fas.cz\/kotel-na-drevo-pro-radovy-rodinny-dum\/","headline":"Kotel na d\u0159evo pro \u0159adov\u00fd rodinn\u00fd d\u016fm","url":"https:\/\/www.sta-fas.cz\/kotel-na-drevo-pro-radovy-rodinny-dum\/","datePublished":"2026-05-18","dateModified":"2026-05-18","mainEntityOfPage":"https:\/\/www.sta-fas.cz\/kotel-na-drevo-pro-radovy-rodinny-dum\/","author":{"@type":"Person","@id":"https:\/\/www.sta-fas.cz\/author\/#Person","name":"","url":"https:\/\/www.sta-fas.cz\/author\/","identifier":1,"image":{"@type":"ImageObject","@id":"https:\/\/secure.gravatar.com\/avatar\/59b0e4716b6bc16861d789b0eb3efe04cb591482277f92a016ec4356fe735210?s=96&d=mm&r=g","url":"https:\/\/secure.gravatar.com\/avatar\/59b0e4716b6bc16861d789b0eb3efe04cb591482277f92a016ec4356fe735210?s=96&d=mm&r=g","height":96,"width":96}},"publisher":{"@type":"Organization","name":"sta-fas.cz","logo":{"@type":"ImageObject","@id":"\/logo.png","url":"\/logo.png","width":600,"height":60}},"image":{"@type":"ImageObject","@id":"https:\/\/www.sta-fas.cz\/wp-content\/uploads\/konpik-fire-6977750_640.jpg","url":"https:\/\/www.sta-fas.cz\/wp-content\/uploads\/konpik-fire-6977750_640.jpg","height":0,"width":0},"wordCount":698,"keywords":null},{"@type":"Article","@id":"https:\/\/www.sta-fas.cz\/jake-vlastnosti-maji-okna\/","headline":"Jak\u00e9 vlastnosti maj\u00ed okna","url":"https:\/\/www.sta-fas.cz\/jake-vlastnosti-maji-okna\/","datePublished":"2026-05-14","dateModified":"2026-05-14","mainEntityOfPage":"https:\/\/www.sta-fas.cz\/jake-vlastnosti-maji-okna\/","author":{"@type":"Person","@id":"https:\/\/www.sta-fas.cz\/author\/#Person","name":"","url":"https:\/\/www.sta-fas.cz\/author\/","identifier":1,"image":{"@type":"ImageObject","@id":"https:\/\/secure.gravatar.com\/avatar\/59b0e4716b6bc16861d789b0eb3efe04cb591482277f92a016ec4356fe735210?s=96&d=mm&r=g","url":"https:\/\/secure.gravatar.com\/avatar\/59b0e4716b6bc16861d789b0eb3efe04cb591482277f92a016ec4356fe735210?s=96&d=mm&r=g","height":96,"width":96}},"publisher":{"@type":"Organization","name":"sta-fas.cz","logo":{"@type":"ImageObject","@id":"\/logo.png","url":"\/logo.png","width":600,"height":60}},"image":{"@type":"ImageObject","@id":"https:\/\/www.sta-fas.cz\/wp-content\/uploads\/roketpik-building-4697597_640_7.jpg","url":"https:\/\/www.sta-fas.cz\/wp-content\/uploads\/roketpik-building-4697597_640_7.jpg","height":0,"width":0},"wordCount":538,"keywords":null},{"@type":"Article","@id":"https:\/\/www.sta-fas.cz\/podnikatele-si-berou-nebankovni-hypoteky\/","headline":"Podnikatel\u00e9 si berou nebankovn\u00ed hypot\u00e9ky","url":"https:\/\/www.sta-fas.cz\/podnikatele-si-berou-nebankovni-hypoteky\/","datePublished":"2026-04-25","dateModified":"2026-04-25","mainEntityOfPage":"https:\/\/www.sta-fas.cz\/podnikatele-si-berou-nebankovni-hypoteky\/","author":{"@type":"Person","@id":"https:\/\/www.sta-fas.cz\/author\/#Person","name":"","url":"https:\/\/www.sta-fas.cz\/author\/","identifier":1,"image":{"@type":"ImageObject","@id":"https:\/\/secure.gravatar.com\/avatar\/59b0e4716b6bc16861d789b0eb3efe04cb591482277f92a016ec4356fe735210?s=96&d=mm&r=g","url":"https:\/\/secure.gravatar.com\/avatar\/59b0e4716b6bc16861d789b0eb3efe04cb591482277f92a016ec4356fe735210?s=96&d=mm&r=g","height":96,"width":96}},"publisher":{"@type":"Organization","name":"sta-fas.cz","logo":{"@type":"ImageObject","@id":"\/logo.png","url":"\/logo.png","width":600,"height":60}},"image":{"@type":"ImageObject","@id":"https:\/\/www.sta-fas.cz\/wp-content\/uploads\/pppppppppppppppppppppppppppppp_10_10_10_4.jpg","url":"https:\/\/www.sta-fas.cz\/wp-content\/uploads\/pppppppppppppppppppppppppppppp_10_10_10_4.jpg","height":0,"width":0},"wordCount":580,"keywords":null},{"@type":"Article","@id":"https:\/\/www.sta-fas.cz\/shanite-pujcku-marne\/","headline":"Sh\u00e1n\u00edte p\u016fj\u010dku marn\u011b?","url":"https:\/\/www.sta-fas.cz\/shanite-pujcku-marne\/","datePublished":"2026-01-21","dateModified":"2026-01-21","mainEntityOfPage":"https:\/\/www.sta-fas.cz\/shanite-pujcku-marne\/","author":{"@type":"Person","@id":"https:\/\/www.sta-fas.cz\/author\/#Person","name":"","url":"https:\/\/www.sta-fas.cz\/author\/","identifier":1,"image":{"@type":"ImageObject","@id":"https:\/\/secure.gravatar.com\/avatar\/59b0e4716b6bc16861d789b0eb3efe04cb591482277f92a016ec4356fe735210?s=96&d=mm&r=g","url":"https:\/\/secure.gravatar.com\/avatar\/59b0e4716b6bc16861d789b0eb3efe04cb591482277f92a016ec4356fe735210?s=96&d=mm&r=g","height":96,"width":96}},"publisher":{"@type":"Organization","name":"sta-fas.cz","logo":{"@type":"ImageObject","@id":"\/logo.png","url":"\/logo.png","width":600,"height":60}},"image":{"@type":"ImageObject","@id":"https:\/\/www.sta-fas.cz\/wp-content\/uploads\/ppppppppppppp_10_10_10_10_10.jpg","url":"https:\/\/www.sta-fas.cz\/wp-content\/uploads\/ppppppppppppp_10_10_10_10_10.jpg","height":0,"width":0},"wordCount":636,"keywords":null},{"@type":"Article","@id":"https:\/\/www.sta-fas.cz\/partner-pro-rust-vaseho-podnikani\/","headline":"Partner pro r\u016fst va\u0161eho podnik\u00e1n\u00ed","url":"https:\/\/www.sta-fas.cz\/partner-pro-rust-vaseho-podnikani\/","datePublished":"2026-01-17","dateModified":"2026-01-17","mainEntityOfPage":"https:\/\/www.sta-fas.cz\/partner-pro-rust-vaseho-podnikani\/","author":{"@type":"Person","@id":"https:\/\/www.sta-fas.cz\/author\/#Person","name":"","url":"https:\/\/www.sta-fas.cz\/author\/","identifier":1,"image":{"@type":"ImageObject","@id":"https:\/\/secure.gravatar.com\/avatar\/59b0e4716b6bc16861d789b0eb3efe04cb591482277f92a016ec4356fe735210?s=96&d=mm&r=g","url":"https:\/\/secure.gravatar.com\/avatar\/59b0e4716b6bc16861d789b0eb3efe04cb591482277f92a016ec4356fe735210?s=96&d=mm&r=g","height":96,"width":96}},"publisher":{"@type":"Organization","name":"sta-fas.cz","logo":{"@type":"ImageObject","@id":"\/logo.png","url":"\/logo.png","width":600,"height":60}},"image":null,"wordCount":315,"keywords":null},{"@type":"Article","@id":"https:\/\/www.sta-fas.cz\/kdyz-se-o-bytovy-dum-nema-kdo-starat\/","headline":"Kdy\u017e se o bytov\u00fd d\u016fm nem\u00e1 kdo starat","url":"https:\/\/www.sta-fas.cz\/kdyz-se-o-bytovy-dum-nema-kdo-starat\/","datePublished":"2026-01-02","dateModified":"2026-01-02","mainEntityOfPage":"https:\/\/www.sta-fas.cz\/kdyz-se-o-bytovy-dum-nema-kdo-starat\/","author":{"@type":"Person","@id":"https:\/\/www.sta-fas.cz\/author\/#Person","name":"","url":"https:\/\/www.sta-fas.cz\/author\/","identifier":1,"image":{"@type":"ImageObject","@id":"https:\/\/secure.gravatar.com\/avatar\/59b0e4716b6bc16861d789b0eb3efe04cb591482277f92a016ec4356fe735210?s=96&d=mm&r=g","url":"https:\/\/secure.gravatar.com\/avatar\/59b0e4716b6bc16861d789b0eb3efe04cb591482277f92a016ec4356fe735210?s=96&d=mm&r=g","height":96,"width":96}},"publisher":{"@type":"Organization","name":"sta-fas.cz","logo":{"@type":"ImageObject","@id":"\/logo.png","url":"\/logo.png","width":600,"height":60}},"image":{"@type":"ImageObject","@id":"https:\/\/www.sta-fas.cz\/wp-content\/uploads\/marky1209-condo-6804298_640_1.jpg","url":"https:\/\/www.sta-fas.cz\/wp-content\/uploads\/marky1209-condo-6804298_640_1.jpg","height":0,"width":0},"wordCount":625,"keywords":null},{"@type":"Article","@id":"https:\/\/www.sta-fas.cz\/nechcete-trpet-nedostatkem\/","headline":"Nechcete trp\u011bt nedostatkem?","url":"https:\/\/www.sta-fas.cz\/nechcete-trpet-nedostatkem\/","datePublished":"2025-12-27","dateModified":"2025-12-27","mainEntityOfPage":"https:\/\/www.sta-fas.cz\/nechcete-trpet-nedostatkem\/","author":{"@type":"Person","@id":"https:\/\/www.sta-fas.cz\/author\/#Person","name":"","url":"https:\/\/www.sta-fas.cz\/author\/","identifier":1,"image":{"@type":"ImageObject","@id":"https:\/\/secure.gravatar.com\/avatar\/59b0e4716b6bc16861d789b0eb3efe04cb591482277f92a016ec4356fe735210?s=96&d=mm&r=g","url":"https:\/\/secure.gravatar.com\/avatar\/59b0e4716b6bc16861d789b0eb3efe04cb591482277f92a016ec4356fe735210?s=96&d=mm&r=g","height":96,"width":96}},"publisher":{"@type":"Organization","name":"sta-fas.cz","logo":{"@type":"ImageObject","@id":"\/logo.png","url":"\/logo.png","width":600,"height":60}},"image":{"@type":"ImageObject","@id":"https:\/\/www.sta-fas.cz\/wp-content\/uploads\/ppppppppppppp_10_10_10_10_9.jpg","url":"https:\/\/www.sta-fas.cz\/wp-content\/uploads\/ppppppppppppp_10_10_10_10_9.jpg","height":0,"width":0},"wordCount":638,"keywords":null}]},{"@context":"https:\/\/schema.org","@type":"WebSite","@id":"https:\/\/www.sta-fas.cz\/#website","name":"Sta Fas","url":"https:\/\/www.sta-fas.cz","potentialAction":{"@type":"SearchAction","target":"https:\/\/www.sta-fas.cz\/?s={search_term_string}","query-input":"required name=search_term_string"}}]